{"id":454274,"date":"2017-01-16T06:47:17","date_gmt":"2017-01-16T12:47:17","guid":{"rendered":"https:\/\/www.futboltotal.com.mx\/?p=454274"},"modified":"2017-01-16T14:28:20","modified_gmt":"2017-01-16T20:28:20","slug":"mesut-ozil-temerario-marrakech","status":"publish","type":"post","link":"http:\/\/desarrollo.grupomedios.com\/futbol\/futbol-internacional\/mesut-ozil-temerario-marrakech\/2017\/01","title":{"rendered":"Mesut Ozil, un temerario de Marrakech"},"content":{"rendered":"<p>El futbolista alem\u00e1n <strong>Mesut Ozil<\/strong>, actualmente jugador del Arsenal, no parece tener miedo de las serpientes, ya que acaba de fotografiarse con una cobra al cuello en la famosa plaza de Yemaa el Fna de Marrakech.<\/p>\n<p style=\"text-align: center;\"><a href=\"https:\/\/www.futboltotal.com.mx\/2017\/01\/paul-pogba-prefirio-regresar-al-united-que-irse-al-madrid-o-barca\/\"><span style=\"color: #3366ff;\">LEER M\u00c1S: Pogba prefiri\u00f3 regresar al United que irse al Madrid o Bar\u00e7a<\/span><\/a><\/p>\n<p><strong>Ozil<\/strong> colg\u00f3 su foto con el reptil negro sobre su cuello en su cuenta de <em>Instagram<\/em>, en la que aparece tambi\u00e9n el propietario y encantador de serpientes soplando una gaita; la foto la acompa\u00f1\u00f3 de un saludo &#8220;a todos los amantes de las cobras&#8221;.<\/p>\n<p>Fotografiarse con una serpiente al cuello o con un mono al hombro son dos de las actividades con las que los propietarios de estos animales asaltan al turista en Marrakech, pidi\u00e9ndoles, y no siempre de buenas maneras, una propina a cambio de la fotograf\u00eda.<\/p>\n<p style=\"text-align: center;\"><a href=\"https:\/\/www.futboltotal.com.mx\/2017\/01\/portero-da-terrible-patada-manda-al-hospital-a-rival\/\"><span style=\"color: #3366ff;\">LEER M\u00c1S: Portero da terrible patada que manda al hospital a su rival<\/span><\/a><\/p>\n<p>Seg\u00fan el portal huffpostmaghreb.com, <strong>Mesut Ozil<\/strong> ha venido a Marrakech ya en varias ocasiones a pasar vacaciones, supuestamente aconsejado por su antiguo compa\u00f1ero en el Real Madrid, Cristiano Ronaldo, gran &#8220;fan&#8221; de la villa ocre.<\/p>\n<p><b>S\u00edguenos en <span id=\"m_6531100271768557534goog_2054972132\"><\/span>Twitter <a href=\"https:\/\/twitter.com\/MXFutbolTotal\" target=\"_blank\" data-saferedirecturl=\"https:\/\/www.google.com\/url?hl=es&amp;q=https:\/\/twitter.com\/MXFutbolTotal&amp;source=gmail&amp;ust=1484672694054000&amp;usg=AFQjCNEtvWa2p2U3cFlecQ2w3YMHmS_Pkw\">@MXFutbolTotal<\/a><\/b><\/p>\n","protected":false},"excerpt":{"rendered":"<p>El alem\u00e1n es un visitante frecuente de Marrakech por influencia de Cristiano Ronaldo.<\/p>\n","protected":false},"author":144,"featured_media":454285,"comment_status":"closed","ping_status":"closed","sticky":false,"template":"","format":"standard","meta":[],"categories":[3839,3846],"tags":[6044,465],"_links":{"self":[{"href":"http:\/\/desarrollo.grupomedios.com\/futbol\/wp-json\/wp\/v2\/posts\/454274"}],"collection":[{"href":"http:\/\/desarrollo.grupomedios.com\/futbol\/wp-json\/wp\/v2\/posts"}],"about":[{"href":"http:\/\/desarrollo.grupomedios.com\/futbol\/wp-json\/wp\/v2\/types\/post"}],"author":[{"embeddable":true,"href":"http:\/\/desarrollo.grupomedios.com\/futbol\/wp-json\/wp\/v2\/users\/144"}],"replies":[{"embeddable":true,"href":"http:\/\/desarrollo.grupomedios.com\/futbol\/wp-json\/wp\/v2\/comments?post=454274"}],"version-history":[{"count":0,"href":"http:\/\/desarrollo.grupomedios.com\/futbol\/wp-json\/wp\/v2\/posts\/454274\/revisions"}],"wp:featuredmedia":[{"embeddable":true,"href":"http:\/\/desarrollo.grupomedios.com\/futbol\/wp-json\/wp\/v2\/media\/454285"}],"wp:attachment":[{"href":"http:\/\/desarrollo.grupomedios.com\/futbol\/wp-json\/wp\/v2\/media?parent=454274"}],"wp:term":[{"taxonomy":"category","embeddable":true,"href":"http:\/\/desarrollo.grupomedios.com\/futbol\/wp-json\/wp\/v2\/categories?post=454274"},{"taxonomy":"post_tag","embeddable":true,"href":"http:\/\/desarrollo.grupomedios.com\/futbol\/wp-json\/wp\/v2\/tags?post=454274"}],"curies":[{"name":"wp","href":"https:\/\/api.w.org\/{rel}","templated":true}]}}