{"id":454346,"date":"2017-01-16T19:08:52","date_gmt":"2017-01-17T01:08:52","guid":{"rendered":"https:\/\/www.futboltotal.com.mx\/?p=454346"},"modified":"2017-01-16T19:08:52","modified_gmt":"2017-01-17T01:08:52","slug":"louis-van-gaal-se-retira-entrenador","status":"publish","type":"post","link":"http:\/\/desarrollo.grupomedios.com\/futbol\/futbol-internacional\/louis-van-gaal-se-retira-entrenador\/2017\/01","title":{"rendered":"Louis Van Gaal se retira como entrenador"},"content":{"rendered":"<p>Esta ma\u00f1ana se anunci\u00f3 que el holand\u00e9s Louis Van Gaal dejaba de lado el futbol y no iba a dirigir m\u00e1s a un equipo. El ex t\u00e9cnico del Manchester United anunci\u00f3 su retiro a los 65 a\u00f1os de edad.<\/p>\n<p>Van Gaal ya hab\u00eda adelantado cuando dirig\u00eda que ese ser\u00eda su \u00faltimo club y que en 2017 iba a decir adi\u00f3s a las canchas. El holand\u00e9s declar\u00f3 para el diario Telegraaf que el motivo de su retiro era por problemas personales.<\/p>\n<p style=\"text-align: center;\"><span style=\"color: #3366ff;\"><a style=\"color: #3366ff;\" href=\"https:\/\/www.futboltotal.com.mx\/2017\/01\/los-escupitajos-famosos-del-futbol\/\" target=\"_blank\">LEER M\u00c1S: Los escupitajos m\u00e1s famosos del futbol<\/a><\/span><\/p>\n<p>Louis dirigi\u00f3 a seis equipos en su carrera y a la Selecci\u00f3n de Holanda. Estuvo en dos etapas con los Tulipanes y con Barcelona. Su \u00e9poca dorada fue con el Ajax al ganar pr\u00e1cticamente todos los torneos de la Eredivise. Con Barcelona tambi\u00e9n qued\u00f3 campe\u00f3n de liga en dos ocasiones y con Bayern M\u00fanich logr\u00f3 un triplete en su liga.<\/p>\n<p>Su etapa m\u00e1s triste fue con el Manchester United, equipo con el que solo logr\u00f3 un t\u00edtulo de FA Cup y fue cesado al terminar la temporada 2015-2016, por no calificar al equipo a Champions League, adem\u00e1s de sus malos resultados.<\/p>\n<p>En total Van Gaal gan\u00f3 20 t\u00edtulos, entre los que destacan Copa de Liga Eredivise (1), Supercopa de Holanda (3), Eredivise (4), Europa League (1), Champions League (1), Supercopa de Europa (2), Copa intercontinental (1), Copa del Rey (1), Liga Espa\u00f1ola (2), Supercopa Alemana (1), Copa de Alemania (1), Bundesliga (1) y FA Cup (1).<\/p>\n<p>&nbsp;<\/p>\n","protected":false},"excerpt":{"rendered":"<p>Van Gaal se retir\u00f3 a los 65 a\u00f1os como entrenador. <\/p>\n","protected":false},"author":20,"featured_media":454347,"comment_status":"closed","ping_status":"closed","sticky":false,"template":"","format":"standard","meta":[],"categories":[3839],"tags":[2056,780,43],"_links":{"self":[{"href":"http:\/\/desarrollo.grupomedios.com\/futbol\/wp-json\/wp\/v2\/posts\/454346"}],"collection":[{"href":"http:\/\/desarrollo.grupomedios.com\/futbol\/wp-json\/wp\/v2\/posts"}],"about":[{"href":"http:\/\/desarrollo.grupomedios.com\/futbol\/wp-json\/wp\/v2\/types\/post"}],"author":[{"embeddable":true,"href":"http:\/\/desarrollo.grupomedios.com\/futbol\/wp-json\/wp\/v2\/users\/20"}],"replies":[{"embeddable":true,"href":"http:\/\/desarrollo.grupomedios.com\/futbol\/wp-json\/wp\/v2\/comments?post=454346"}],"version-history":[{"count":0,"href":"http:\/\/desarrollo.grupomedios.com\/futbol\/wp-json\/wp\/v2\/posts\/454346\/revisions"}],"wp:featuredmedia":[{"embeddable":true,"href":"http:\/\/desarrollo.grupomedios.com\/futbol\/wp-json\/wp\/v2\/media\/454347"}],"wp:attachment":[{"href":"http:\/\/desarrollo.grupomedios.com\/futbol\/wp-json\/wp\/v2\/media?parent=454346"}],"wp:term":[{"taxonomy":"category","embeddable":true,"href":"http:\/\/desarrollo.grupomedios.com\/futbol\/wp-json\/wp\/v2\/categories?post=454346"},{"taxonomy":"post_tag","embeddable":true,"href":"http:\/\/desarrollo.grupomedios.com\/futbol\/wp-json\/wp\/v2\/tags?post=454346"}],"curies":[{"name":"wp","href":"https:\/\/api.w.org\/{rel}","templated":true}]}}