{"id":454349,"date":"2017-01-16T19:28:16","date_gmt":"2017-01-17T01:28:16","guid":{"rendered":"https:\/\/www.futboltotal.com.mx\/?p=454349"},"modified":"2017-01-16T19:28:16","modified_gmt":"2017-01-17T01:28:16","slug":"disciplinaria-suspendio-a-gabriel-penalba","status":"publish","type":"post","link":"http:\/\/desarrollo.grupomedios.com\/futbol\/futbol-mexicano\/disciplinaria-suspendio-a-gabriel-penalba\/2017\/01","title":{"rendered":"Disciplinaria s\u00ed suspendi\u00f3 a Gabriel Pe\u00f1alba"},"content":{"rendered":"<p>Cruz Azul decidi\u00f3 apelar esta ma\u00f1ana la expulsi\u00f3n a Gabriel Pe\u00f1alba que otorg\u00f3 el \u00e1rbitro central\u00a0\u00d3scar Mac\u00edas, luego de que el medio cementero\u00a0entrara de forma fuerte sobre Bryan Rabello.<\/p>\n<p>La M\u00e1quina mand\u00f3 una solicitud a la Comisi\u00f3n Disciplinaria, sin embargo fue rechazada y el jugador de Cruz Azul tendr\u00e1 que cumplir una sanci\u00f3n de un encuentro por la entrada que le realiz\u00f3 a Rabello.<\/p>\n<p style=\"text-align: center;\"><span style=\"color: #3366ff;\"><a style=\"color: #3366ff;\" href=\"https:\/\/www.futboltotal.com.mx\/2017\/01\/periodista-ofendio-a-paco-jemez-en-conferencia-prensa\/\" target=\"_blank\">LEER M\u00c1S: Periodista \u201cofendi\u00f3\u201d a Paco J\u00e9mez en conferencia de prensa<\/a><\/span><\/p>\n<p>Adem\u00e1s Grabrile Pe\u00f1alba es investigado por un supuesto escupitajo que le dio a Nicol\u00e1s Castillo, flamante refuerzo de Pumas, quien tambi\u00e9n cumplir\u00e1 un juego de suspensi\u00f3n por doble amarilla en el duelo en CU.<\/p>\n<blockquote class=\"twitter-tweet\" data-width=\"500\">\n<p lang=\"es\" dir=\"ltr\">LIGA BBVA Bancomer MX. Reporte Disciplinario de la Jornada 2 <a href=\"https:\/\/t.co\/7vGscoTK9A\">https:\/\/t.co\/7vGscoTK9A<\/a><\/p>\n<p>&mdash; FEMEXFUT (@FMF) <a href=\"https:\/\/twitter.com\/FMF\/status\/821135979503239169\">January 16, 2017<\/a><\/p><\/blockquote>\n<p><script async src=\"\/\/platform.twitter.com\/widgets.js\" charset=\"utf-8\"><\/script><\/p>\n","protected":false},"excerpt":{"rendered":"<p>La Comisi\u00f3n Disciplinaria otorgo un juego de suspensi\u00f3n al cementero. <\/p>\n","protected":false},"author":20,"featured_media":454350,"comment_status":"closed","ping_status":"closed","sticky":false,"template":"","format":"standard","meta":[],"categories":[2198,3845],"tags":[5962,7809,74],"_links":{"self":[{"href":"http:\/\/desarrollo.grupomedios.com\/futbol\/wp-json\/wp\/v2\/posts\/454349"}],"collection":[{"href":"http:\/\/desarrollo.grupomedios.com\/futbol\/wp-json\/wp\/v2\/posts"}],"about":[{"href":"http:\/\/desarrollo.grupomedios.com\/futbol\/wp-json\/wp\/v2\/types\/post"}],"author":[{"embeddable":true,"href":"http:\/\/desarrollo.grupomedios.com\/futbol\/wp-json\/wp\/v2\/users\/20"}],"replies":[{"embeddable":true,"href":"http:\/\/desarrollo.grupomedios.com\/futbol\/wp-json\/wp\/v2\/comments?post=454349"}],"version-history":[{"count":0,"href":"http:\/\/desarrollo.grupomedios.com\/futbol\/wp-json\/wp\/v2\/posts\/454349\/revisions"}],"wp:featuredmedia":[{"embeddable":true,"href":"http:\/\/desarrollo.grupomedios.com\/futbol\/wp-json\/wp\/v2\/media\/454350"}],"wp:attachment":[{"href":"http:\/\/desarrollo.grupomedios.com\/futbol\/wp-json\/wp\/v2\/media?parent=454349"}],"wp:term":[{"taxonomy":"category","embeddable":true,"href":"http:\/\/desarrollo.grupomedios.com\/futbol\/wp-json\/wp\/v2\/categories?post=454349"},{"taxonomy":"post_tag","embeddable":true,"href":"http:\/\/desarrollo.grupomedios.com\/futbol\/wp-json\/wp\/v2\/tags?post=454349"}],"curies":[{"name":"wp","href":"https:\/\/api.w.org\/{rel}","templated":true}]}}