{"id":454404,"date":"2017-01-17T10:20:10","date_gmt":"2017-01-17T16:20:10","guid":{"rendered":"https:\/\/www.futboltotal.com.mx\/?p=454404"},"modified":"2017-01-17T10:20:10","modified_gmt":"2017-01-17T16:20:10","slug":"ivan-rakitic-se-tiraria-puente-luis-enrique","status":"publish","type":"post","link":"http:\/\/desarrollo.grupomedios.com\/futbol\/futbol-internacional\/ivan-rakitic-se-tiraria-puente-luis-enrique\/2017\/01","title":{"rendered":"Rakitic se tirar\u00eda de un puente por Luis Enrique"},"content":{"rendered":"<p>El volante croata<strong> Ivan Rakitic<\/strong> est\u00e1 encantado con Luis Enrique, su t\u00e9cnico en el Barcelona, pero tambi\u00e9n muy agradecido, al grado que estar\u00eda dispuesto a sacrificarse por \u00e9l.<\/p>\n<p>En una entrevista con la revista francesa <em>France Footbal<\/em>, <strong>Rakitic<\/strong> asegur\u00f3: &#8220;Si me tuviera que tirar de un puente por el entrenador, lo har\u00eda, sin dudarlo&#8221;.<\/p>\n<p style=\"text-align: center;\"><a href=\"https:\/\/www.futboltotal.com.mx\/2017\/01\/sergio-ramos-sorprende-a-sampaoli-elogio\/\"><span style=\"color: #3366ff;\">LEER M\u00c1S: Sergio Ramos sorprende a Sampaoli con un elogio<\/span><\/a><\/p>\n<p>El seleccionado croata explic\u00f3 las razones de su fascinaci\u00f3n hacia el estratega asturiano: &#8220;Luis Enrique me ayud\u00f3 much\u00edsimo. Me dio enseguida su confianza, al igual que mis compa\u00f1eros, y eso me permiti\u00f3 trabajar con tranquilidad. Con una mirada o una sonrisa te transmite la confianza necesaria para hacer bien las cosas. Adem\u00e1s, fue quien pidi\u00f3 mi fichaje&#8221;.<\/p>\n<p><strong>Ivan Rakitic<\/strong> asegura que entre las cosas que ha aprendido de Luis Enrique es que hay que &#8220;saber dejar el ego de lado&#8221;.<\/p>\n<p style=\"text-align: center;\"><a href=\"https:\/\/www.futboltotal.com.mx\/2017\/01\/ex-jugadores-la-liga-mx-presentados-atletico-nacional\/\"><span style=\"color: #3366ff;\">LEER M\u00c1S: Ex jugadores de la Liga MX, presentados con Atl\u00e9tico Nacional<\/span><\/a><\/p>\n<p>El mediocampista del Barcelona est\u00e1 negociando su renovaci\u00f3n de contrato, que actualmente tiene vigente hasta junio de 2019.<\/p>\n<p><b>S\u00edguenos en <span id=\"m_5410387428349051158goog_2054972132\"><\/span>Twitter <a href=\"https:\/\/twitter.com\/MXFutbolTotal\" target=\"_blank\" data-saferedirecturl=\"https:\/\/www.google.com\/url?hl=es&amp;q=https:\/\/twitter.com\/MXFutbolTotal&amp;source=gmail&amp;ust=1484750833036000&amp;usg=AFQjCNFAnz7hSLUf88Gd35znys3vo7h7tw\">@MXFutbolTotal<\/a><\/b><\/p>\n","protected":false},"excerpt":{"rendered":"<p>El croata busca una renovaci\u00f3n de contrato con el Barcelona.<\/p>\n","protected":false},"author":20,"featured_media":454409,"comment_status":"closed","ping_status":"closed","sticky":false,"template":"","format":"standard","meta":[],"categories":[3839,3844],"tags":[5984,5132,4051],"_links":{"self":[{"href":"http:\/\/desarrollo.grupomedios.com\/futbol\/wp-json\/wp\/v2\/posts\/454404"}],"collection":[{"href":"http:\/\/desarrollo.grupomedios.com\/futbol\/wp-json\/wp\/v2\/posts"}],"about":[{"href":"http:\/\/desarrollo.grupomedios.com\/futbol\/wp-json\/wp\/v2\/types\/post"}],"author":[{"embeddable":true,"href":"http:\/\/desarrollo.grupomedios.com\/futbol\/wp-json\/wp\/v2\/users\/20"}],"replies":[{"embeddable":true,"href":"http:\/\/desarrollo.grupomedios.com\/futbol\/wp-json\/wp\/v2\/comments?post=454404"}],"version-history":[{"count":0,"href":"http:\/\/desarrollo.grupomedios.com\/futbol\/wp-json\/wp\/v2\/posts\/454404\/revisions"}],"wp:featuredmedia":[{"embeddable":true,"href":"http:\/\/desarrollo.grupomedios.com\/futbol\/wp-json\/wp\/v2\/media\/454409"}],"wp:attachment":[{"href":"http:\/\/desarrollo.grupomedios.com\/futbol\/wp-json\/wp\/v2\/media?parent=454404"}],"wp:term":[{"taxonomy":"category","embeddable":true,"href":"http:\/\/desarrollo.grupomedios.com\/futbol\/wp-json\/wp\/v2\/categories?post=454404"},{"taxonomy":"post_tag","embeddable":true,"href":"http:\/\/desarrollo.grupomedios.com\/futbol\/wp-json\/wp\/v2\/tags?post=454404"}],"curies":[{"name":"wp","href":"https:\/\/api.w.org\/{rel}","templated":true}]}}