{"id":454414,"date":"2017-01-17T11:07:03","date_gmt":"2017-01-17T17:07:03","guid":{"rendered":"https:\/\/www.futboltotal.com.mx\/?p=454414"},"modified":"2017-01-17T11:40:06","modified_gmt":"2017-01-17T17:40:06","slug":"quise-convencer-a-sambueza-se-quedara-la-volpe","status":"publish","type":"post","link":"http:\/\/desarrollo.grupomedios.com\/futbol\/destacado-home\/quise-convencer-a-sambueza-se-quedara-la-volpe\/2017\/01","title":{"rendered":"Quise convencer a Sambueza de que se quedara: La Volpe"},"content":{"rendered":"<p>Los momentos que vivi\u00f3 Rubens Sambueza en Am\u00e9rica siguen presentes en todos lados, pues a pesar de que el pasado domingo el naturalizado mexicano ya jug\u00f3 con Toluca y precisamente contra su ex equipo, ahora Ricardo La Volpe revel\u00f3 c\u00f3mo fue su salida del conjunto azulcrema.<\/p>\n<p>En entrevista para <em>Univisi\u00f3n Deportes<\/em>, La Volpe confes\u00f3 que la salida de Sambueza se ven\u00eda dando desde la participaci\u00f3n de las \u00c1guilas en el Mundial de Clubes, aunque se posterg\u00f3.<\/p>\n<blockquote><p>&#8220;Terminando la participaci\u00f3n en Jap\u00f3n \u00e9l llega a mi habitaci\u00f3n y me dice: &#8216;quiero hablar con usted&#8217;. Ah\u00ed el me dice que quiere salir del equipo. y yo no lo pod\u00eda creer porque era la figura y el capit\u00e1n. Quise convencerlo pero despu\u00e9s solo tuve que aceptarlo; Yo fui jugador y como t\u00e9cnico tengo que aceptarlo, no lo puedo obligar a jugar en una instituci\u00f3n donde no quiere&#8221;, declar\u00f3 el argentino.<\/p><\/blockquote>\n<p>Adem\u00e1s, el t\u00e9cnico consider\u00f3 que las cr\u00edticas que recibi\u00f3 <em>Sambu<\/em> por la expulsi\u00f3n en la Final frente a Tigres, fue lo que termin\u00f3 por pesar m\u00e1s, pues la gente &#8220;lo mat\u00f3&#8221; y por ello \u00e9l propio jugador termin\u00f3 por pedirle su salida a la directiva.<\/p>\n<p style=\"text-align: center;\"><span style=\"color: #3366ff;\"><a style=\"color: #3366ff;\" href=\"https:\/\/www.futboltotal.com.mx\/2017\/01\/en-china-admiten-interes-en-raul-jimenez\/\">LEER M\u00c1S: Tianjin Quanjin intent\u00f3 fichar a Jim\u00e9nez y otros cracks<\/a><\/span><\/p>\n<blockquote><p>&#8220;\u00c9l decide decirle a (Ricardo) Pel\u00e1ez despu\u00e9s de lo que pasa en el partido con Tigres. S\u00e9 que por Twitter lo mataron y le echaron la culpa. A m\u00ed me dijo la dirigencia: &#8216;\u00bfc\u00f3mo no lo sacaste?&#8217;.Yo c\u00f3mo iba a sacar al mejor jugador del partido, el que tiene la pelota y le quita la iniciativa del partido a Tigres. Necesitaba no un Sambueza, sino dos m\u00e1s&#8221;, confes\u00f3 La Volpe.<\/p><\/blockquote>\n<p><iframe loading=\"lazy\" src=\"https:\/\/www.youtube.com\/embed\/Q7d6EjMJWRc?feature=oembed\" frameborder=\"0\" allowfullscreen><\/iframe><\/p>\n","protected":false},"excerpt":{"rendered":"<p>La Volpe revel\u00f3 que Sambueza pidi\u00f3 su salida desde Jap\u00f3n.<\/p>\n","protected":false},"author":20,"featured_media":454419,"comment_status":"closed","ping_status":"closed","sticky":false,"template":"","format":"standard","meta":[],"categories":[5,2198,3845,5950],"tags":[5959,767,808],"_links":{"self":[{"href":"http:\/\/desarrollo.grupomedios.com\/futbol\/wp-json\/wp\/v2\/posts\/454414"}],"collection":[{"href":"http:\/\/desarrollo.grupomedios.com\/futbol\/wp-json\/wp\/v2\/posts"}],"about":[{"href":"http:\/\/desarrollo.grupomedios.com\/futbol\/wp-json\/wp\/v2\/types\/post"}],"author":[{"embeddable":true,"href":"http:\/\/desarrollo.grupomedios.com\/futbol\/wp-json\/wp\/v2\/users\/20"}],"replies":[{"embeddable":true,"href":"http:\/\/desarrollo.grupomedios.com\/futbol\/wp-json\/wp\/v2\/comments?post=454414"}],"version-history":[{"count":0,"href":"http:\/\/desarrollo.grupomedios.com\/futbol\/wp-json\/wp\/v2\/posts\/454414\/revisions"}],"wp:featuredmedia":[{"embeddable":true,"href":"http:\/\/desarrollo.grupomedios.com\/futbol\/wp-json\/wp\/v2\/media\/454419"}],"wp:attachment":[{"href":"http:\/\/desarrollo.grupomedios.com\/futbol\/wp-json\/wp\/v2\/media?parent=454414"}],"wp:term":[{"taxonomy":"category","embeddable":true,"href":"http:\/\/desarrollo.grupomedios.com\/futbol\/wp-json\/wp\/v2\/categories?post=454414"},{"taxonomy":"post_tag","embeddable":true,"href":"http:\/\/desarrollo.grupomedios.com\/futbol\/wp-json\/wp\/v2\/tags?post=454414"}],"curies":[{"name":"wp","href":"https:\/\/api.w.org\/{rel}","templated":true}]}}