{"id":454428,"date":"2017-01-17T12:11:20","date_gmt":"2017-01-17T18:11:20","guid":{"rendered":"https:\/\/www.futboltotal.com.mx\/?p=454428"},"modified":"2017-01-17T12:11:20","modified_gmt":"2017-01-17T18:11:20","slug":"tigres-se-prepara-futbol-china-les-robe-a-gignac","status":"publish","type":"post","link":"http:\/\/desarrollo.grupomedios.com\/futbol\/destacado-home\/tigres-se-prepara-futbol-china-les-robe-a-gignac\/2017\/01","title":{"rendered":"Tigres se prepara para que futbol de China les &#8216;robe&#8217; a Gignac"},"content":{"rendered":"<p>El gran momento que vivi\u00f3 el delantero franc\u00e9s <strong>Andr\u00e9-Pierre Gignac<\/strong> al cierre del torneo Apertura 2016, en el que <strong>Tigres<\/strong> se coron\u00f3 campe\u00f3n, ha despertado el inter\u00e9s de varios equipos para ficharle, incluyendo a la tan mencionada en las \u00faltimas semanas <strong>Superliga China<\/strong>.<\/p>\n<p>Por ello, Alejandro Rodr\u00edguez, presidente de Tigres, en declaraciones a Medio Tiempo acept\u00f3 que el equipo norte\u00f1o esperaba una oferta del balompi\u00e9 asi\u00e1tico por su delantero estrella, aunque hasta el momento no han recibido nada.<\/p>\n<p>\u201cLo del salario no lo s\u00e9, porque Andr\u00e9 no lo ha comunicado. Lo que s\u00e9 es que se supon\u00eda iba a venir una oferta de un equipo chino, misma que hasta ayer no hab\u00eda llegado\u201d, asegur\u00f3 el directivo.<\/p>\n<p>Rodr\u00edguez dej\u00f3 ver que al interior del equipo campe\u00f3n de la Liga MX hay nerviosismo sobre lo que pueda acontecer respecto al futuro de Gignac, pues una potencial salida del atacante podr\u00eda poner en predicamentos a la delantera felina.<\/p>\n<p>\u201cEstamos a la expectativa, lo que sucede cuando no tenemos la oportunidad de reponer pues s\u00ed nos vemos afectados. Entonces eso es muy claro para los jugadores y para nosotros porque ah\u00ed deja de ser muy bueno para todos, mientras sea bueno para todos nos hay problema\u201d, se\u00f1al\u00f3.<\/p>\n<p><a href=\"https:\/\/www.futboltotal.com.mx\/2017\/01\/en-china-admiten-interes-en-raul-jimenez\/\">LEER M\u00c1S: TIANJIN QUANJIN INTENT\u00d3 FICHAR A RA\u00daL JIM\u00c9NEZ Y OTROS CRACKS<\/a><\/p>\n<p>En caso de que los chinos, o cualquier otro equipo, convencieran a <em>Ded\u00e9<\/em> para dejar al cuadro regiomontano, Tigres confiar\u00eda en el paraguayo Fernando Fern\u00e1ndez y en el franc\u00e9s Andy Delort para cubrir esa baja, sin buscar otro jugador fuera del club.<\/p>\n<p>\u201cTenemos a Fernando Fern\u00e1ndez y Andy Delort de delanteros, que son los que est\u00e1n planeados que est\u00e9n ah\u00ed y dentro de las posibilidades que tenemos para renovar o reforzar, no tenemos un centro delantero, tenemos otro tipo de jugador en otras posiciones\u201d, a\u00f1adi\u00f3 el presidente de Tigres.<\/p>\n<p><a href=\"https:\/\/www.futboltotal.com.mx\/2017\/01\/federico-mancuello-esta-en-mexico-negociar-fichaje-america\/\">LEER M\u00c1S: MANCUELLO EST\u00c1 EN M\u00c9XICO PARA NEGOCIAR FICHAJE CON EL AM\u00c9RICA<\/a><\/p>\n","protected":false},"excerpt":{"rendered":"<p>El equipo norte\u00f1o esperaba una oferta del balompi\u00e9 asi\u00e1tico por su delantero estrella.<\/p>\n","protected":false},"author":20,"featured_media":453444,"comment_status":"closed","ping_status":"closed","sticky":false,"template":"","format":"standard","meta":[],"categories":[5,7501,7740,3839,2198,3845],"tags":[5564,7732,8031,7984,5430,64,5973,444],"_links":{"self":[{"href":"http:\/\/desarrollo.grupomedios.com\/futbol\/wp-json\/wp\/v2\/posts\/454428"}],"collection":[{"href":"http:\/\/desarrollo.grupomedios.com\/futbol\/wp-json\/wp\/v2\/posts"}],"about":[{"href":"http:\/\/desarrollo.grupomedios.com\/futbol\/wp-json\/wp\/v2\/types\/post"}],"author":[{"embeddable":true,"href":"http:\/\/desarrollo.grupomedios.com\/futbol\/wp-json\/wp\/v2\/users\/20"}],"replies":[{"embeddable":true,"href":"http:\/\/desarrollo.grupomedios.com\/futbol\/wp-json\/wp\/v2\/comments?post=454428"}],"version-history":[{"count":0,"href":"http:\/\/desarrollo.grupomedios.com\/futbol\/wp-json\/wp\/v2\/posts\/454428\/revisions"}],"wp:featuredmedia":[{"embeddable":true,"href":"http:\/\/desarrollo.grupomedios.com\/futbol\/wp-json\/wp\/v2\/media\/453444"}],"wp:attachment":[{"href":"http:\/\/desarrollo.grupomedios.com\/futbol\/wp-json\/wp\/v2\/media?parent=454428"}],"wp:term":[{"taxonomy":"category","embeddable":true,"href":"http:\/\/desarrollo.grupomedios.com\/futbol\/wp-json\/wp\/v2\/categories?post=454428"},{"taxonomy":"post_tag","embeddable":true,"href":"http:\/\/desarrollo.grupomedios.com\/futbol\/wp-json\/wp\/v2\/tags?post=454428"}],"curies":[{"name":"wp","href":"https:\/\/api.w.org\/{rel}","templated":true}]}}