{"id":454455,"date":"2017-01-17T13:53:47","date_gmt":"2017-01-17T19:53:47","guid":{"rendered":"https:\/\/www.futboltotal.com.mx\/?p=454455"},"modified":"2017-01-17T13:54:34","modified_gmt":"2017-01-17T19:54:34","slug":"goku-elegido-embajador-jjoo-tokio-2020","status":"publish","type":"post","link":"http:\/\/desarrollo.grupomedios.com\/futbol\/cambio-de-juego\/goku-elegido-embajador-jjoo-tokio-2020\/2017\/01","title":{"rendered":"Gok\u00fa es embajador de Juegos Ol\u00edmpicos de Tokio 2020"},"content":{"rendered":"<p>Apenas terminaron los <strong>Juegos Ol\u00edmpicos<\/strong> de R\u00edo 2016 y durante la ceremonia los japonenes dejaron ver un poco de lo que podremos en Tokio dentro de tres a\u00f1os, cuando se celebre la siguiente edici\u00f3n de las olimpiadas de verano.<\/p>\n<p>Con la presencia de Sonic y Mario Bros, los nipones mostraron que no solo los atletas y fan\u00e1ticos del deporte ser\u00e1n protagonistas, pues los amantes de los videojuegos y las caricaturas tambi\u00e9n tendr\u00e1n espacio, como Oliver y Benji de Super campeones, Pac-Man, Mario, Doraemon y Hello Kitty.<\/p>\n<p style=\"text-align: center;\"><span style=\"color: #3366ff;\"><a style=\"color: #3366ff;\" href=\"https:\/\/www.futboltotal.com.mx\/2017\/01\/oscar-perez-conejo-va-la-marca-oswaldo-sanchez\/\">LEER M\u00c1S: El Conejo va por la marca de Oswaldo S\u00e1nchez<\/a><\/span><\/p>\n<p>Es por ello, que para los <strong>Juegos Ol\u00edmpicos de Tokio 2020<\/strong>, el encargado de liderar a todos estos personajes ser\u00e1 el personaje m\u00e1s querido de la serie de Dragon Ball: Son Goku.<\/p>\n<p>El personaje del anime ser\u00e1 parte de la mercadotecnia de la justa veraniega y aparecer\u00e1 junto a otros como Astroboy, Serena de Sailor Moon y Naruto, en gorras, playeras, bolsas y tazas oficiales del evento, que ya se pueden ordenar desde ahora.<\/p>\n","protected":false},"excerpt":{"rendered":"<p>El personaje l\u00eddera a otro grupo de personajes como embajadores de los JJOO.<\/p>\n","protected":false},"author":20,"featured_media":454457,"comment_status":"closed","ping_status":"closed","sticky":false,"template":"","format":"standard","meta":[],"categories":[5419,6411],"tags":[5460,6605,1911,5461],"_links":{"self":[{"href":"http:\/\/desarrollo.grupomedios.com\/futbol\/wp-json\/wp\/v2\/posts\/454455"}],"collection":[{"href":"http:\/\/desarrollo.grupomedios.com\/futbol\/wp-json\/wp\/v2\/posts"}],"about":[{"href":"http:\/\/desarrollo.grupomedios.com\/futbol\/wp-json\/wp\/v2\/types\/post"}],"author":[{"embeddable":true,"href":"http:\/\/desarrollo.grupomedios.com\/futbol\/wp-json\/wp\/v2\/users\/20"}],"replies":[{"embeddable":true,"href":"http:\/\/desarrollo.grupomedios.com\/futbol\/wp-json\/wp\/v2\/comments?post=454455"}],"version-history":[{"count":0,"href":"http:\/\/desarrollo.grupomedios.com\/futbol\/wp-json\/wp\/v2\/posts\/454455\/revisions"}],"wp:featuredmedia":[{"embeddable":true,"href":"http:\/\/desarrollo.grupomedios.com\/futbol\/wp-json\/wp\/v2\/media\/454457"}],"wp:attachment":[{"href":"http:\/\/desarrollo.grupomedios.com\/futbol\/wp-json\/wp\/v2\/media?parent=454455"}],"wp:term":[{"taxonomy":"category","embeddable":true,"href":"http:\/\/desarrollo.grupomedios.com\/futbol\/wp-json\/wp\/v2\/categories?post=454455"},{"taxonomy":"post_tag","embeddable":true,"href":"http:\/\/desarrollo.grupomedios.com\/futbol\/wp-json\/wp\/v2\/tags?post=454455"}],"curies":[{"name":"wp","href":"https:\/\/api.w.org\/{rel}","templated":true}]}}