{"id":454662,"date":"2017-01-18T08:49:38","date_gmt":"2017-01-18T14:49:38","guid":{"rendered":"https:\/\/www.futboltotal.com.mx\/?p=454662"},"modified":"2017-01-18T08:49:38","modified_gmt":"2017-01-18T14:49:38","slug":"claudio-ranieri-al-salon-la-fama-italiano-hazana-en-la-premier","status":"publish","type":"post","link":"http:\/\/desarrollo.grupomedios.com\/futbol\/futbol-internacional\/claudio-ranieri-al-salon-la-fama-italiano-hazana-en-la-premier\/2017\/01","title":{"rendered":"Ranieri, al sal\u00f3n de la fama italiano por su haza\u00f1a en la Premier"},"content":{"rendered":"<p>El t\u00e9cnico italiano <strong>Claudio Ranieri<\/strong> fue premiado por la Federaci\u00f3n de Futbol Italiana (FIGC) con la entrada en el Sal\u00f3n de la Fama del futbol transalpino por haber conquistado la Premier League inglesa (Primera Divisi\u00f3n) con el Leicester el curso pasado.<\/p>\n<blockquote class=\"twitter-tweet\" data-width=\"500\">\n<p lang=\"en\" dir=\"ltr\">.<a href=\"https:\/\/twitter.com\/LCFC\">@LCFC<\/a> manager Claudio <a href=\"https:\/\/twitter.com\/hashtag\/Ranieri?src=hash\">#Ranieri<\/a> honoured of Italian Football <a href=\"https:\/\/twitter.com\/hashtag\/HallOfFame?src=hash\">#HallOfFame<\/a> 2016 today in Florence&#39;s Palazzo Vecchio <a href=\"https:\/\/t.co\/7jjBDrIxp5\">https:\/\/t.co\/7jjBDrIxp5<\/a> <a href=\"https:\/\/t.co\/mMXNHuBJve\">pic.twitter.com\/mMXNHuBJve<\/a><\/p>\n<p>&mdash; FIGC (@FIGC) <a href=\"https:\/\/twitter.com\/FIGC\/status\/821413136205021185\">January 17, 2017<\/a><\/p><\/blockquote>\n<p><script async src=\"\/\/platform.twitter.com\/widgets.js\" charset=\"utf-8\"><\/script><\/p>\n<p style=\"text-align: center;\"><a href=\"https:\/\/www.futboltotal.com.mx\/2017\/01\/que-siempre-no-louis-van-gaal-se-retira\/\"><span style=\"color: #3366ff;\">LEER M\u00c1S: \u00a1Que siempre no! Louis Van Gaal no se retira<\/span><\/a><\/p>\n<p><strong>Claudio Ranieri<\/strong>, exentrenador del Valencia y el Atl\u00e9tico de Madrid en la Liga espa\u00f1ola, se convirti\u00f3 de esta manera en el tercer t\u00e9cnico italiano en recibir este galard\u00f3n, tras Roberto Mancini y el anterior entrenador del Real Madrid Carlo Ancelotti.<\/p>\n<p>El t\u00e9cnico romano fue elegido por la FIGC por haber ganado el t\u00edtulo ingl\u00e9s con un equipo que dos a\u00f1os antes estaba en la Championship (Segunda Divisi\u00f3n) y que el a\u00f1o anterior a la citada haza\u00f1a hab\u00eda logrado la permanencia en la \u00faltima jornada.<\/p>\n<p>Ese triunfo es considerado como uno de los m\u00e1s sorprendentes e inesperados de la historia del deporte y permiti\u00f3 a Ranieri ganar tambi\u00e9n el premio de mejor entrenador del a\u00f1o, que le fue otorgado el pasado 9 de enero por la FIFA.<\/p>\n<p>Adem\u00e1s de Ranieri, la FIGC premi\u00f3 al exdefensa del Inter Mil\u00e1n Giuseppe Bergomi, el brasile\u00f1o del Roma Paulo Roberto Falcao, el exdelantero Paolo Rossi, la futbolista Melania Gabbiadini y el actual presidente del Milan, Silvio Berlusconi.<\/p>\n<p style=\"text-align: center;\"><a href=\"https:\/\/www.futboltotal.com.mx\/2017\/01\/equipo-la-mls-busca-a-campeon-del-mundo-aleman\/\"><span style=\"color: #3366ff;\">LEER M\u00c1S: \u00a1Equipo de la MLS busca a campe\u00f3n del mundo alem\u00e1n!<\/span><\/a><\/p>\n<p>Cada uno de los elegidos entreg\u00f3 a la Federaci\u00f3n un objeto representativo de sus carreras futbol\u00edsticas, que ser\u00e1 exhibido en el Museo del Futbol en el centro t\u00e9cnico de Coverciano (Florencia).<\/p>\n<p>En el evento particip\u00f3 tambi\u00e9n el exjugador argentino Diego Armando Maradona, que entr\u00f3 en el Sal\u00f3n de la Fama hace dos a\u00f1os y que acudi\u00f3 a Palazzo Vecchio para recoger su premio.<\/p>\n<p><b>S\u00edguenos en <span id=\"m_5621841522166655860goog_2054972132\"><\/span>Twitter <a href=\"https:\/\/twitter.com\/MXFutbolTotal\" target=\"_blank\" data-saferedirecturl=\"https:\/\/www.google.com\/url?hl=es&amp;q=https:\/\/twitter.com\/MXFutbolTotal&amp;source=gmail&amp;ust=1484837037761000&amp;usg=AFQjCNEYj7E29zf7IDCtQhZykdjJuUTWJg\">@MXFutbolTotal<\/a><\/b><\/p>\n","protected":false},"excerpt":{"rendered":"<p>Es el tercer t\u00e9cnico italiano en entrar al Sal\u00f3n de la Fama transalpino.<\/p>\n","protected":false},"author":144,"featured_media":395599,"comment_status":"closed","ping_status":"closed","sticky":false,"template":"","format":"standard","meta":[],"categories":[3839,3846,3848],"tags":[5025,775],"_links":{"self":[{"href":"http:\/\/desarrollo.grupomedios.com\/futbol\/wp-json\/wp\/v2\/posts\/454662"}],"collection":[{"href":"http:\/\/desarrollo.grupomedios.com\/futbol\/wp-json\/wp\/v2\/posts"}],"about":[{"href":"http:\/\/desarrollo.grupomedios.com\/futbol\/wp-json\/wp\/v2\/types\/post"}],"author":[{"embeddable":true,"href":"http:\/\/desarrollo.grupomedios.com\/futbol\/wp-json\/wp\/v2\/users\/144"}],"replies":[{"embeddable":true,"href":"http:\/\/desarrollo.grupomedios.com\/futbol\/wp-json\/wp\/v2\/comments?post=454662"}],"version-history":[{"count":0,"href":"http:\/\/desarrollo.grupomedios.com\/futbol\/wp-json\/wp\/v2\/posts\/454662\/revisions"}],"wp:featuredmedia":[{"embeddable":true,"href":"http:\/\/desarrollo.grupomedios.com\/futbol\/wp-json\/wp\/v2\/media\/395599"}],"wp:attachment":[{"href":"http:\/\/desarrollo.grupomedios.com\/futbol\/wp-json\/wp\/v2\/media?parent=454662"}],"wp:term":[{"taxonomy":"category","embeddable":true,"href":"http:\/\/desarrollo.grupomedios.com\/futbol\/wp-json\/wp\/v2\/categories?post=454662"},{"taxonomy":"post_tag","embeddable":true,"href":"http:\/\/desarrollo.grupomedios.com\/futbol\/wp-json\/wp\/v2\/tags?post=454662"}],"curies":[{"name":"wp","href":"https:\/\/api.w.org\/{rel}","templated":true}]}}