{"id":454664,"date":"2017-01-18T09:29:24","date_gmt":"2017-01-18T15:29:24","guid":{"rendered":"https:\/\/www.futboltotal.com.mx\/?p=454664"},"modified":"2017-01-18T09:29:24","modified_gmt":"2017-01-18T15:29:24","slug":"se-vislumbra-retiro-xabi-alonso","status":"publish","type":"post","link":"http:\/\/desarrollo.grupomedios.com\/futbol\/futbol-internacional\/se-vislumbra-retiro-xabi-alonso\/2017\/01","title":{"rendered":"Se vislumbra el retiro de Xabi Alonso"},"content":{"rendered":"<p>El centrocampista espa\u00f1ol <strong>Xabi Alonso<\/strong> pondr\u00e1 fin a su carrera al final de esta temporada cuando acabe su contrato con su actual club, el Bayern M\u00fanich, seg\u00fan informaciones de la revista alemana <em>Sport Bild<\/em>.<\/p>\n<p>Seg\u00fan esa publicaci\u00f3n, al t\u00e9rmino de la concentraci\u00f3n de invierno del Bayern, <strong>Xabi Alonso<\/strong> habl\u00f3 con los directivos del club y les comunic\u00f3 que no renovar\u00eda su contrato.<\/p>\n<blockquote class=\"twitter-tweet\" data-width=\"500\">\n<p lang=\"de\" dir=\"ltr\">Nach .<a href=\"https:\/\/twitter.com\/SPORTBILD\">@sportbild<\/a>-Infos: <a href=\"https:\/\/twitter.com\/hashtag\/FCBayern?src=hash\">#FCBayern<\/a>-Star Xabi <a href=\"https:\/\/twitter.com\/hashtag\/Alonso?src=hash\">#Alonso<\/a> spielt seine letzte Saison <a href=\"https:\/\/t.co\/1NzvNfmyDW\">https:\/\/t.co\/1NzvNfmyDW<\/a> <a href=\"https:\/\/t.co\/7XVebQxYR8\">pic.twitter.com\/7XVebQxYR8<\/a><\/p>\n<p>&mdash; SPORT BILD (@SPORTBILD) <a href=\"https:\/\/twitter.com\/SPORTBILD\/status\/821637915394605056\">January 18, 2017<\/a><\/p><\/blockquote>\n<p><script async src=\"\/\/platform.twitter.com\/widgets.js\" charset=\"utf-8\"><\/script><\/p>\n<p style=\"text-align: center;\"><a href=\"https:\/\/www.futboltotal.com.mx\/2017\/01\/equipo-la-mls-busca-a-campeon-del-mundo-aleman\/\"><span style=\"color: #3366ff;\">LEER M\u00c1S: \u00a1Equipo de la MLS busca a campe\u00f3n del mundo alem\u00e1n!<\/span><\/a><\/p>\n<p>El Bayern hab\u00eda planteado una renovaci\u00f3n por un a\u00f1o m\u00e1s, siguiendo el modelo que ha aplicado con Arjen Roben y Franck Ribery.<\/p>\n<p><em>Sport Bild<\/em> sostiene que el Bayern registr\u00f3 la decisi\u00f3n del jugador pero le dej\u00f3 las puertas abiertas para una renovaci\u00f3n en caso de que cambie de opini\u00f3n.<\/p>\n<p>El entrenador, Carlo Ancelotti, era partidario de una renovaci\u00f3n del espa\u00f1ol, seg\u00fan la publicaci\u00f3n.<\/p>\n<p style=\"text-align: center;\"><a href=\"https:\/\/www.futboltotal.com.mx\/2017\/01\/claudio-ranieri-al-salon-la-fama-italiano-hazana-en-la-premier\/\"><span style=\"color: #3366ff;\">LEER M\u00c1S: Ranieri, al sal\u00f3n de la fama italiano por su haza\u00f1a en la Premier<\/span><\/a><\/p>\n<p>Si <strong>Xabi Alonso<\/strong> mantiene su decisi\u00f3n terminar\u00eda una carrera de 18 a\u00f1os con numerosos t\u00edtulos entre ellos dos Ligas de Campeones -una con el Liverpool y otra con el Real Madrid- y una Eurocopa y un campeonato del mundo con Espa\u00f1a.<\/p>\n<p>Con el Bayern, Xabi Alonso ha ganado la Bundesliga en 2015 y 2016 y la Copa de Alemania en 2016.<\/p>\n<p><b>S\u00edguenos en <span id=\"m_5621841522166655860goog_2054972132\"><\/span>Twitter <a href=\"https:\/\/twitter.com\/MXFutbolTotal\" target=\"_blank\" data-saferedirecturl=\"https:\/\/www.google.com\/url?hl=es&amp;q=https:\/\/twitter.com\/MXFutbolTotal&amp;source=gmail&amp;ust=1484837037761000&amp;usg=AFQjCNEYj7E29zf7IDCtQhZykdjJuUTWJg\">@MXFutbolTotal<\/a><\/b><\/p>\n","protected":false},"excerpt":{"rendered":"<p>Entre sus t\u00edtulos destacan las Ligas de Campeones conseguidas con Liverpool y Real Madrid.<\/p>\n","protected":false},"author":144,"featured_media":422592,"comment_status":"closed","ping_status":"closed","sticky":false,"template":"","format":"standard","meta":[],"categories":[3839,6822],"tags":[2056,5989,5988,1618],"_links":{"self":[{"href":"http:\/\/desarrollo.grupomedios.com\/futbol\/wp-json\/wp\/v2\/posts\/454664"}],"collection":[{"href":"http:\/\/desarrollo.grupomedios.com\/futbol\/wp-json\/wp\/v2\/posts"}],"about":[{"href":"http:\/\/desarrollo.grupomedios.com\/futbol\/wp-json\/wp\/v2\/types\/post"}],"author":[{"embeddable":true,"href":"http:\/\/desarrollo.grupomedios.com\/futbol\/wp-json\/wp\/v2\/users\/144"}],"replies":[{"embeddable":true,"href":"http:\/\/desarrollo.grupomedios.com\/futbol\/wp-json\/wp\/v2\/comments?post=454664"}],"version-history":[{"count":0,"href":"http:\/\/desarrollo.grupomedios.com\/futbol\/wp-json\/wp\/v2\/posts\/454664\/revisions"}],"wp:featuredmedia":[{"embeddable":true,"href":"http:\/\/desarrollo.grupomedios.com\/futbol\/wp-json\/wp\/v2\/media\/422592"}],"wp:attachment":[{"href":"http:\/\/desarrollo.grupomedios.com\/futbol\/wp-json\/wp\/v2\/media?parent=454664"}],"wp:term":[{"taxonomy":"category","embeddable":true,"href":"http:\/\/desarrollo.grupomedios.com\/futbol\/wp-json\/wp\/v2\/categories?post=454664"},{"taxonomy":"post_tag","embeddable":true,"href":"http:\/\/desarrollo.grupomedios.com\/futbol\/wp-json\/wp\/v2\/tags?post=454664"}],"curies":[{"name":"wp","href":"https:\/\/api.w.org\/{rel}","templated":true}]}}