{"id":454720,"date":"2017-01-18T14:15:47","date_gmt":"2017-01-18T20:15:47","guid":{"rendered":"https:\/\/www.futboltotal.com.mx\/?p=454720"},"modified":"2017-01-18T14:15:47","modified_gmt":"2017-01-18T20:15:47","slug":"real-madrid-pierde-a-uno-sus-pilares","status":"publish","type":"post","link":"http:\/\/desarrollo.grupomedios.com\/futbol\/futbol-internacional\/real-madrid-pierde-a-uno-sus-pilares\/2017\/01","title":{"rendered":"Real Madrid pierde a uno de sus pilares"},"content":{"rendered":"<p><strong>Dani Carvajal<\/strong> ha metido en serios problemas al conjunto merengue despu\u00e9s de que se confirmara\u00a0que tiene una rotura muscular en los isquios. El defensor lateral estar\u00e1 fuera por un mes aproximadamente.<\/p>\n<p>Se espera que Carvajal pueda recuperarse para el duelo de Octavos de Final de la Champions League ante el Napoli el pr\u00f3ximo 15 de febrero. Dani ya caus\u00f3 baja este mi\u00e9rcoles ante el Celta en la Copa y se perder\u00e1 algunos duelos importantes en Liga y Copa del Rey.<\/p>\n<p style=\"text-align: center;\"><span style=\"color: #3366ff;\"><a style=\"color: #3366ff;\" href=\"https:\/\/www.futboltotal.com.mx\/2017\/01\/cuauhtemoc-blanco-revela-pudo-haber-jugado-en-real-madrid\/\" target=\"_blank\">LEER M\u00c1S: Cuauht\u00e9moc revela que pudo haber jugado en el Madrid<\/a><\/span><\/p>\n<p>La baja del espa\u00f1ol preocupa a la afici\u00f3n Merengue, pues en su lugar tendr\u00e1 que ingresar Danilo, futbolista que ha causado pol\u00e9mica por sus \u00faltimas actuaciones, la m\u00e1s recordada ante el Sevilla en la Copa del Rey.<\/p>\n<p>S\u00edguenos en Twiter: <a href=\"https:\/\/twitter.com\/MXFutbolTotal\" target=\"_blank\">@MXFutbolTotal<\/a><\/p>\n<p>&nbsp;<\/p>\n","protected":false},"excerpt":{"rendered":"<p>Dani Carvajal est\u00e1 en duda para enfrentar al Napoli en Champions<\/p>\n","protected":false},"author":20,"featured_media":454723,"comment_status":"closed","ping_status":"closed","sticky":false,"template":"","format":"standard","meta":[],"categories":[3839,3844],"tags":[8040,5988],"_links":{"self":[{"href":"http:\/\/desarrollo.grupomedios.com\/futbol\/wp-json\/wp\/v2\/posts\/454720"}],"collection":[{"href":"http:\/\/desarrollo.grupomedios.com\/futbol\/wp-json\/wp\/v2\/posts"}],"about":[{"href":"http:\/\/desarrollo.grupomedios.com\/futbol\/wp-json\/wp\/v2\/types\/post"}],"author":[{"embeddable":true,"href":"http:\/\/desarrollo.grupomedios.com\/futbol\/wp-json\/wp\/v2\/users\/20"}],"replies":[{"embeddable":true,"href":"http:\/\/desarrollo.grupomedios.com\/futbol\/wp-json\/wp\/v2\/comments?post=454720"}],"version-history":[{"count":0,"href":"http:\/\/desarrollo.grupomedios.com\/futbol\/wp-json\/wp\/v2\/posts\/454720\/revisions"}],"wp:featuredmedia":[{"embeddable":true,"href":"http:\/\/desarrollo.grupomedios.com\/futbol\/wp-json\/wp\/v2\/media\/454723"}],"wp:attachment":[{"href":"http:\/\/desarrollo.grupomedios.com\/futbol\/wp-json\/wp\/v2\/media?parent=454720"}],"wp:term":[{"taxonomy":"category","embeddable":true,"href":"http:\/\/desarrollo.grupomedios.com\/futbol\/wp-json\/wp\/v2\/categories?post=454720"},{"taxonomy":"post_tag","embeddable":true,"href":"http:\/\/desarrollo.grupomedios.com\/futbol\/wp-json\/wp\/v2\/tags?post=454720"}],"curies":[{"name":"wp","href":"https:\/\/api.w.org\/{rel}","templated":true}]}}