{"id":454725,"date":"2017-01-18T14:44:34","date_gmt":"2017-01-18T20:44:34","guid":{"rendered":"https:\/\/www.futboltotal.com.mx\/?p=454725"},"modified":"2017-01-18T14:44:34","modified_gmt":"2017-01-18T20:44:34","slug":"pablo-barrera-demandado-estupro-paternidad","status":"publish","type":"post","link":"http:\/\/desarrollo.grupomedios.com\/futbol\/destacado-home\/pablo-barrera-demandado-estupro-paternidad\/2017\/01","title":{"rendered":"Pablo Barrera demandado por estupro y paternidad"},"content":{"rendered":"<p>El futbolista de <strong>Pumas,<\/strong> ha sido demandado por una de sus ex novias de la juventud por pensi\u00f3n alimenticia y por haber tenido relaciones sexuales con una menor.<\/p>\n<p><strong>Pablo Barrera<\/strong> es acusado de no reconocer la paternidad de <strong>Alan Javier Carranza Pedraza<\/strong>, hijo de<strong> Sandra Carranza Pedraza<\/strong>, mujer con la que tuvo una relaci\u00f3n cuando Barrera militaba en la cantera de <strong>Pumas<\/strong> en 2005.<\/p>\n<p><strong>Sandra<\/strong>, se\u00f1ala que era vecina del futbolista en Tlalnepantla y tuvo un noviazgo con el mismo.\u00a0La madre del menor denuncia a Pablo por haber tenido relaciones sexuales con ella cuando ten\u00eda 17 y \u00e9l 19 a\u00f1os, por pensi\u00f3n alimenticia y adem\u00e1s de que le pide reconocer ser padre de <strong>Alan Carranza.<\/strong><\/p>\n<p style=\"text-align: center;\"><span style=\"color: #3366ff;\"><a style=\"color: #3366ff;\" href=\"https:\/\/www.futboltotal.com.mx\/2017\/01\/la-volpe-se-lanza-contra-cristante-haberlo-saludado\/\" target=\"_blank\">LEER M\u00c1S: La Volpe se lanza contra Cristante por haberlo saludado<\/a><\/span><\/p>\n<p>La mujer extern\u00f3 que ha recibido amenazas por parte de la familia del jugador auriazul, pero que a pesar de eso la demanda ya est\u00e1 hecha desde hace tres meses.<\/p>\n<blockquote><p>\u201cA pesar de las amenazas, la denuncia se hizo hace tres meses en Tlalnepantla, Estado de M\u00e9xico, por abandono de obligaciones, reconocimiento de paternidad y estupro\u201d, coment\u00f3 la demandante.<\/p><\/blockquote>\n<p><strong>Sandra<\/strong> se\u00f1al\u00f3 que <strong>Pablo<\/strong> s\u00ed sab\u00eda que ella estaba embarazada, incluso le prometi\u00f3 casarse cuando tuvieron relaciones sexuales, pero al enterarse de la noticia el futbolista neg\u00f3 haber tenido intimidad con ella.<\/p>\n<blockquote><p><strong>&#8220;Pablo<\/strong> ya sab\u00eda que yo era menor de edad cuando tuvimos relaciones sexuales, y me dijo que nos \u00edbamos a casar despu\u00e9s de que debutara en el futbol. Cuando le dije que estaba embarazada neg\u00f3 que hubi\u00e9ramos tenido relaciones\u201d. puntualiz\u00f3 la mujer de 27 a\u00f1os.<\/p><\/blockquote>\n<p>Para finalizar, se\u00f1al\u00f3 que el menor ya sabe que Barrera es su padre, que incluso le pregunta por qu\u00e9 su padre lo abandon\u00f3.<\/p>\n<blockquote><p>&#8220;Al principio le dio gusto, emoci\u00f3n y lo ubica por los partidos, tambi\u00e9n a veces me pregunta por qu\u00e9 lo abandon\u00f3\u201d. concluy\u00f3 Sandra Carranza.<\/p><\/blockquote>\n<p>&nbsp;<\/p>\n<p>&nbsp;<\/p>\n<blockquote class=\"twitter-tweet\" data-lang=\"es\">\n<p dir=\"ltr\" lang=\"es\">Acusan a Pablo Barrera porque \u00a1embaraz\u00f3 a una ni\u00f1a! <a href=\"https:\/\/t.co\/F68EPl6ifK\">https:\/\/t.co\/F68EPl6ifK<\/a> <a href=\"https:\/\/twitter.com\/hashtag\/MartesDeTVNotas?src=hash\">#MartesDeTVNotas<\/a> <a href=\"https:\/\/t.co\/iYBbf9rf9V\">pic.twitter.com\/iYBbf9rf9V<\/a><\/p>\n<p>\u2014 Revista TVNotas (@TVNotasmx) <a href=\"https:\/\/twitter.com\/TVNotasmx\/status\/821243195765981184\">17 de enero de 2017<\/a><\/p><\/blockquote>\n<p><script async src=\"\/\/platform.twitter.com\/widgets.js\" charset=\"utf-8\"><\/script><\/p>\n","protected":false},"excerpt":{"rendered":"<p>Pablo Barrera tendr\u00eda un hijo de 10 a\u00f1os. <\/p>\n","protected":false},"author":20,"featured_media":454729,"comment_status":"closed","ping_status":"closed","sticky":false,"template":"","format":"standard","meta":[],"categories":[5,2198,3845],"tags":[82,74],"_links":{"self":[{"href":"http:\/\/desarrollo.grupomedios.com\/futbol\/wp-json\/wp\/v2\/posts\/454725"}],"collection":[{"href":"http:\/\/desarrollo.grupomedios.com\/futbol\/wp-json\/wp\/v2\/posts"}],"about":[{"href":"http:\/\/desarrollo.grupomedios.com\/futbol\/wp-json\/wp\/v2\/types\/post"}],"author":[{"embeddable":true,"href":"http:\/\/desarrollo.grupomedios.com\/futbol\/wp-json\/wp\/v2\/users\/20"}],"replies":[{"embeddable":true,"href":"http:\/\/desarrollo.grupomedios.com\/futbol\/wp-json\/wp\/v2\/comments?post=454725"}],"version-history":[{"count":0,"href":"http:\/\/desarrollo.grupomedios.com\/futbol\/wp-json\/wp\/v2\/posts\/454725\/revisions"}],"wp:featuredmedia":[{"embeddable":true,"href":"http:\/\/desarrollo.grupomedios.com\/futbol\/wp-json\/wp\/v2\/media\/454729"}],"wp:attachment":[{"href":"http:\/\/desarrollo.grupomedios.com\/futbol\/wp-json\/wp\/v2\/media?parent=454725"}],"wp:term":[{"taxonomy":"category","embeddable":true,"href":"http:\/\/desarrollo.grupomedios.com\/futbol\/wp-json\/wp\/v2\/categories?post=454725"},{"taxonomy":"post_tag","embeddable":true,"href":"http:\/\/desarrollo.grupomedios.com\/futbol\/wp-json\/wp\/v2\/tags?post=454725"}],"curies":[{"name":"wp","href":"https:\/\/api.w.org\/{rel}","templated":true}]}}