{"id":454734,"date":"2017-01-18T15:58:05","date_gmt":"2017-01-18T21:58:05","guid":{"rendered":"https:\/\/www.futboltotal.com.mx\/?p=454734"},"modified":"2017-01-18T15:59:15","modified_gmt":"2017-01-18T21:59:15","slug":"oportunidades-en-mls-en-ligamx-los-jovenes-campos","status":"publish","type":"post","link":"http:\/\/desarrollo.grupomedios.com\/futbol\/futbol-mexicano\/oportunidades-en-mls-en-ligamx-los-jovenes-campos\/2017\/01","title":{"rendered":"&#8220;La MLS da m\u00e1s oportunidades a j\u00f3venes que la Liga MX&#8221;: Campos"},"content":{"rendered":"<p>El ex futbolista mexicano, <strong>Jorge Campos<\/strong>, declar\u00f3 a la <strong>MLS<\/strong> que los j\u00f3venes talento de M\u00e9xico tendr\u00e1n m\u00e1s oportunidad en la Liga estadounidense y no en nuestro pa\u00eds.<\/p>\n<blockquote><p>&#8220;Si me preguntan d\u00f3nde hay m\u00e1s oportunidades para los m\u00e1s chicos, yo tengo que decir que aqu\u00ed en Estados Unidos. Desafortunadamente es la verdad, es triste pero es as\u00ed&#8221;, coment\u00f3 <strong>Jorge Campos.\u00a0<\/strong><\/p><\/blockquote>\n<p>El aumentar el n\u00famero de extranjeros en nuestro pa\u00eds va a impedir que el futbolista mexicano pueda debutar o tener oportunidad en alg\u00fan club a diferencia de hace unos a\u00f1os.<\/p>\n<p style=\"text-align: center;\"><span style=\"color: #3366ff;\"><a style=\"color: #3366ff;\" href=\"https:\/\/www.futboltotal.com.mx\/2017\/01\/liga-mx-solicita-la-venta-chiapas\/\" target=\"_blank\">LEER M\u00c1S: Liga MX solicita la venta de Chiapas<\/a><\/span><\/p>\n<blockquote><p>&#8220;Especialmente cuando tienes seis, siete, ocho internacionales por delante de un juvenil. No hay tiempo ni espacio para que el chico juegue en el primer equipo&#8221;, dijo el ahora comentarista deportivo.<\/p><\/blockquote>\n<p>Para <strong>Campos<\/strong> es incre\u00edble todas las reglas que hay en la <strong>MLS<\/strong> para que los futbolistas puedan ir saliendo e incluso se\u00f1al\u00f3 no entender porque crear esas normas con las universidades del pa\u00eds.<\/p>\n<blockquote><p>&#8220;Hay muchas reglas de universidad y de <strong>MLS<\/strong> que no s\u00e9 para qu\u00e9 fueron creadas, pero estoy seguro que con el crecimiento de las academias en cada equipo y con las pocas oportunidades en M\u00e9xico, pronto las reglas van a cambiar y se ver\u00e1n m\u00e1s jovencitos&#8221;, puntualiz\u00f3 <em>&#8220;el Brody&#8221;.\u00a0<\/em><\/p><\/blockquote>\n<p>Para finalizar la entrevista con <em>FutbolMLS.com<\/em>, Campos coment\u00f3 que cada vez va a incrementar m\u00e1s el n\u00famero de extranjeros o Mexicanos en la MLS, gracias a la carencia de oportunidades.<\/p>\n<blockquote><p>&#8220;Cada vez m\u00e1s chicos se van a venir hacia MLS en lugar de querer estar en Liga MX porque las oportunidades est\u00e1n aqu\u00ed y no all\u00e1&#8221;, concluy\u00f3 Jorge.<\/p><\/blockquote>\n","protected":false},"excerpt":{"rendered":"<p>Jorge Campos considera que la MLS abre m\u00e1s las puertas a mexicanos. <\/p>\n","protected":false},"author":20,"featured_media":454739,"comment_status":"closed","ping_status":"closed","sticky":false,"template":"","format":"standard","meta":[],"categories":[3839,2198,3845],"tags":[2053,64,195],"_links":{"self":[{"href":"http:\/\/desarrollo.grupomedios.com\/futbol\/wp-json\/wp\/v2\/posts\/454734"}],"collection":[{"href":"http:\/\/desarrollo.grupomedios.com\/futbol\/wp-json\/wp\/v2\/posts"}],"about":[{"href":"http:\/\/desarrollo.grupomedios.com\/futbol\/wp-json\/wp\/v2\/types\/post"}],"author":[{"embeddable":true,"href":"http:\/\/desarrollo.grupomedios.com\/futbol\/wp-json\/wp\/v2\/users\/20"}],"replies":[{"embeddable":true,"href":"http:\/\/desarrollo.grupomedios.com\/futbol\/wp-json\/wp\/v2\/comments?post=454734"}],"version-history":[{"count":0,"href":"http:\/\/desarrollo.grupomedios.com\/futbol\/wp-json\/wp\/v2\/posts\/454734\/revisions"}],"wp:featuredmedia":[{"embeddable":true,"href":"http:\/\/desarrollo.grupomedios.com\/futbol\/wp-json\/wp\/v2\/media\/454739"}],"wp:attachment":[{"href":"http:\/\/desarrollo.grupomedios.com\/futbol\/wp-json\/wp\/v2\/media?parent=454734"}],"wp:term":[{"taxonomy":"category","embeddable":true,"href":"http:\/\/desarrollo.grupomedios.com\/futbol\/wp-json\/wp\/v2\/categories?post=454734"},{"taxonomy":"post_tag","embeddable":true,"href":"http:\/\/desarrollo.grupomedios.com\/futbol\/wp-json\/wp\/v2\/tags?post=454734"}],"curies":[{"name":"wp","href":"https:\/\/api.w.org\/{rel}","templated":true}]}}