{"id":454735,"date":"2017-01-18T15:47:52","date_gmt":"2017-01-18T21:47:52","guid":{"rendered":"https:\/\/www.futboltotal.com.mx\/?p=454735"},"modified":"2017-01-18T15:50:15","modified_gmt":"2017-01-18T21:50:15","slug":"mexicano-sufre-racismo-competir-en-nascar","status":"publish","type":"post","link":"http:\/\/desarrollo.grupomedios.com\/futbol\/no-todo-es-futbol\/mexicano-sufre-racismo-competir-en-nascar\/2017\/01","title":{"rendered":"Mexicano sufre de racismo por competir en NASCAR"},"content":{"rendered":"<p>El piloto <strong>Daniel Su\u00e1rez<\/strong>, quien hace y seguir\u00e1 haciendo historia en <strong>NASCAR<\/strong>, por ser el primer piloto de nacionalidad mexicana, que forma parte de un equipo estadunidense, sufri\u00f3 de fuertes cr\u00edticas de un usuario con simpat\u00eda hacia el presidente electo del pa\u00eds vecino, Donald Trump.<\/p>\n<p>\u201cEspero que aprenda a hablar ingl\u00e9s&#8230; No se le entiende nada de lo que dice en las entrevistas&#8230; necesita un int\u00e9rprete\u201d, indic\u00f3 el usuario de Twitter, por lo que <strong>Daniel Su\u00e1rez<\/strong> contest\u00f3: \u201cte puedo hablar Espa\u00f1ol y Portugu\u00e9s tambi\u00e9n pero dudo que entiendas cualquiera de los dos\u201d, por lo que inmediatamente su interlocutor, fue se\u00f1alado como racista.<\/p>\n<p style=\"text-align: center;\"><span style=\"color: #3366ff;\"><a style=\"color: #3366ff;\" href=\"https:\/\/www.futboltotal.com.mx\/2017\/01\/mexicano-historia-en-nascar\/\" target=\"_blank\"><strong>LEER M\u00c1S: Daniel Su\u00e1rez sigue haciendo historia en NASCAR<\/strong><\/a><\/span><\/p>\n<blockquote class=\"twitter-tweet\" data-lang=\"es\">\n<p dir=\"ltr\" lang=\"en\">I can speak Spanish and Portuguese to you as well but I doubt you understand either&#8230; <a href=\"https:\/\/t.co\/HpE2Ml7A1Y\">https:\/\/t.co\/HpE2Ml7A1Y<\/a><\/p>\n<p>\u2014 Daniel Su\u00e1rez (@Daniel_SuarezG) <a href=\"https:\/\/twitter.com\/Daniel_SuarezG\/status\/821056152179974144\">16 de enero de 2017<\/a><\/p><\/blockquote>\n<p><script async src=\"\/\/platform.twitter.com\/widgets.js\" charset=\"utf-8\"><\/script><\/p>\n<p><strong>S\u00edguenos en Twitter<\/strong>: <a href=\"https:\/\/twitter.com\/MXFutbolTotal\" target=\"_blank\">@MXFutbolTotal<\/a><\/p>\n","protected":false},"excerpt":{"rendered":"<p>Usuario con simpat\u00eda hacia Donald Trump, critica a Daniel Su\u00e1rez.<\/p>\n","protected":false},"author":20,"featured_media":454736,"comment_status":"closed","ping_status":"closed","sticky":false,"template":"","format":"standard","meta":[],"categories":[5810,5418,6411],"tags":[5461],"_links":{"self":[{"href":"http:\/\/desarrollo.grupomedios.com\/futbol\/wp-json\/wp\/v2\/posts\/454735"}],"collection":[{"href":"http:\/\/desarrollo.grupomedios.com\/futbol\/wp-json\/wp\/v2\/posts"}],"about":[{"href":"http:\/\/desarrollo.grupomedios.com\/futbol\/wp-json\/wp\/v2\/types\/post"}],"author":[{"embeddable":true,"href":"http:\/\/desarrollo.grupomedios.com\/futbol\/wp-json\/wp\/v2\/users\/20"}],"replies":[{"embeddable":true,"href":"http:\/\/desarrollo.grupomedios.com\/futbol\/wp-json\/wp\/v2\/comments?post=454735"}],"version-history":[{"count":0,"href":"http:\/\/desarrollo.grupomedios.com\/futbol\/wp-json\/wp\/v2\/posts\/454735\/revisions"}],"wp:featuredmedia":[{"embeddable":true,"href":"http:\/\/desarrollo.grupomedios.com\/futbol\/wp-json\/wp\/v2\/media\/454736"}],"wp:attachment":[{"href":"http:\/\/desarrollo.grupomedios.com\/futbol\/wp-json\/wp\/v2\/media?parent=454735"}],"wp:term":[{"taxonomy":"category","embeddable":true,"href":"http:\/\/desarrollo.grupomedios.com\/futbol\/wp-json\/wp\/v2\/categories?post=454735"},{"taxonomy":"post_tag","embeddable":true,"href":"http:\/\/desarrollo.grupomedios.com\/futbol\/wp-json\/wp\/v2\/tags?post=454735"}],"curies":[{"name":"wp","href":"https:\/\/api.w.org\/{rel}","templated":true}]}}