{"id":454743,"date":"2017-01-18T16:38:26","date_gmt":"2017-01-18T22:38:26","guid":{"rendered":"https:\/\/www.futboltotal.com.mx\/?p=454743"},"modified":"2017-01-18T16:38:26","modified_gmt":"2017-01-18T22:38:26","slug":"marco-fabian-en-duda-eintracht-bundesliga","status":"publish","type":"post","link":"http:\/\/desarrollo.grupomedios.com\/futbol\/futbol-internacional\/marco-fabian-en-duda-eintracht-bundesliga\/2017\/01","title":{"rendered":"Marco Fabi\u00e1n, en duda con Eintracht para Bundesliga"},"content":{"rendered":"<p>A solo tres d\u00edas para que inicie la\u00a0segunda vuelta de la <strong>Bundesliga<\/strong>, el mediocampista <strong>Marco Fabi\u00e1n<\/strong> est\u00e1 en duda con <strong>Eintracht Frankfur<\/strong>\u00a0debido a que presenta una lesi\u00f3n en la cadera que lo aqueja desde la pretemporada invernal.<\/p>\n<p>Durante la concentraci\u00f3n de las <em>\u00c1guilas<\/em>\u00a0en Abu Dabi por el receso del futbol alem\u00e1n, el internacional mexicano no complet\u00f3 algunas sesiones por dicha molestia, por lo que su participaci\u00f3n en el primer juego del a\u00f1o est\u00e1 en duda.<\/p>\n<p style=\"text-align: center;\"><a href=\"https:\/\/www.futboltotal.com.mx\/futbol-internacional\/\"><span style=\"color: #3366ff;\">LEER M\u00c1S: Todas las noticias de futbol internacional<\/span><\/a><\/p>\n<p>El t\u00e9cnico del equipo, el croata Niko Kovac, asegur\u00f3 que ve dif\u00edcil que <strong>Fabi\u00e1n<\/strong> de la Mora logre estar al 100 por ciento para el duelo contra el Red Bull Leipzig, pues no ha entrenado al parejo de sus compa\u00f1eros.<\/p>\n<blockquote><p>\u201cMarco tuvo problemas en la cadera en la concentraci\u00f3n invernal ya que en el \u00faltimo choque contra Mainz sinti\u00f3 dolores. La situaci\u00f3n no mejor\u00f3, sino que incluso fue peor. Vamos a observar c\u00f3mo evoluciona en los pr\u00f3ximos d\u00edas\u201d, puntualiz\u00f3 el estratega.<\/p><\/blockquote>\n<p><strong>Eintracht Frankfurt<\/strong> enfrenta al RB Leipzing el pr\u00f3ximo 21 de enero y se encuentra en la cuarta posici\u00f3n de la Bundesliga con 29 puntos, mismos que lo mantienen con esperanzas de meterse a Champions League para la pr\u00f3xima temporada.<\/p>\n<p>S\u00edguenos en Twitter: <a href=\"https:\/\/twitter.com\/MXFutbolTotal\" target=\"_blank\">@MXFutbolTotal<\/a><\/p>\n","protected":false},"excerpt":{"rendered":"<p>El mexicano sufre una lesi\u00f3n que le impedir\u00eda jugar el pr\u00f3ximo s\u00e1bado ante el RB Leipzing.<\/p>\n","protected":false},"author":20,"featured_media":454753,"comment_status":"closed","ping_status":"closed","sticky":false,"template":"","format":"standard","meta":[],"categories":[3839,6822,6718],"tags":[119,3588,131,4545],"_links":{"self":[{"href":"http:\/\/desarrollo.grupomedios.com\/futbol\/wp-json\/wp\/v2\/posts\/454743"}],"collection":[{"href":"http:\/\/desarrollo.grupomedios.com\/futbol\/wp-json\/wp\/v2\/posts"}],"about":[{"href":"http:\/\/desarrollo.grupomedios.com\/futbol\/wp-json\/wp\/v2\/types\/post"}],"author":[{"embeddable":true,"href":"http:\/\/desarrollo.grupomedios.com\/futbol\/wp-json\/wp\/v2\/users\/20"}],"replies":[{"embeddable":true,"href":"http:\/\/desarrollo.grupomedios.com\/futbol\/wp-json\/wp\/v2\/comments?post=454743"}],"version-history":[{"count":0,"href":"http:\/\/desarrollo.grupomedios.com\/futbol\/wp-json\/wp\/v2\/posts\/454743\/revisions"}],"wp:featuredmedia":[{"embeddable":true,"href":"http:\/\/desarrollo.grupomedios.com\/futbol\/wp-json\/wp\/v2\/media\/454753"}],"wp:attachment":[{"href":"http:\/\/desarrollo.grupomedios.com\/futbol\/wp-json\/wp\/v2\/media?parent=454743"}],"wp:term":[{"taxonomy":"category","embeddable":true,"href":"http:\/\/desarrollo.grupomedios.com\/futbol\/wp-json\/wp\/v2\/categories?post=454743"},{"taxonomy":"post_tag","embeddable":true,"href":"http:\/\/desarrollo.grupomedios.com\/futbol\/wp-json\/wp\/v2\/tags?post=454743"}],"curies":[{"name":"wp","href":"https:\/\/api.w.org\/{rel}","templated":true}]}}