{"id":454744,"date":"2017-01-18T16:33:51","date_gmt":"2017-01-18T22:33:51","guid":{"rendered":"https:\/\/www.futboltotal.com.mx\/?p=454744"},"modified":"2017-01-18T16:33:51","modified_gmt":"2017-01-18T22:33:51","slug":"neymar-debut-en-cine-junto-a-samuel-l-jackson","status":"publish","type":"post","link":"http:\/\/desarrollo.grupomedios.com\/futbol\/futbol-internacional\/neymar-debut-en-cine-junto-a-samuel-l-jackson\/2017\/01","title":{"rendered":"Neymar hace su debut en el cine junto a Samuel L. Jackson"},"content":{"rendered":"<p>En definitiva, la temporada actual no est\u00e1 siendo la mejor de Neymar en el Barcelona, especialmente si echamos un vistazo a su productividad frente al arco rival en La Liga.<\/p>\n<p>Cuando han transcurrido ya 18 jornadas del campeonato ib\u00e9rico, el brasile\u00f1o suma apenas cuatro goles, pese a que ha sido titular en 14 ocasiones.<\/p>\n<p style=\"text-align: center;\"><a href=\"https:\/\/www.futboltotal.com.mx\/2016\/12\/juego-feliz-balon-oro-neymar\/\" target=\"_blank\"><span style=\"color: #3366ff;\"><strong>LEER M\u00c1S: Juego para ser feliz, no por el Bal\u00f3n de Oro: Neymar<\/strong><\/span><\/a><\/p>\n<p>Como es natural, la baja productividad goleador del crack brasile\u00f1o no ha contribuido a que los Blaugranas mejoren su posici\u00f3n en la tabla, donde marchan en tercer sitio, con 38 puntos (s\u00f3lo dos menos que el l\u00edder, Real Madrid, pero con un partido m\u00e1s disputado).<\/p>\n<p>Pero si las cosas no est\u00e1n yendo del todo bien dentro del terreno de juego para Neymar, al menos fuera de \u00e9l puede presumir un nuevo estreno. El atacante de la selecci\u00f3n brasile\u00f1a realiz\u00f3 su debut cinematogr\u00e1fico en la pel\u00edcula XXX: Return of Xander Cage, protagonizada por el actor Vin Diesel.<\/p>\n<p style=\"text-align: center;\"><a href=\"https:\/\/www.futboltotal.com.mx\/2016\/12\/en-plena-cancha-rival-le-pide-a-neymar-lo-humille\/\" target=\"_blank\"><span style=\"color: #3366ff;\"><strong>LEER M\u00c1S: En plena cancha, un rival le pide a Neymar que no lo humille<\/strong><\/span><\/a><\/p>\n<p>La pel\u00edcula se estrena este mes alrededor del mundo y entonces podr\u00e1 verse la aparici\u00f3n que el atacante amaz\u00f3nico de los <em>Cul\u00e9s<\/em> realiz\u00f3.<\/p>\n<p>Por si fuera poco, el debut de Neymar en la pantalla grande llega junto a Samuel L. Jackson, con quien comparte la escena que aparece en el trailer que ya est\u00e1 en Internet.<\/p>\n<blockquote class=\"twitter-tweet\" data-lang=\"es\">\n<p dir=\"ltr\" lang=\"es\">Neymar debuta en el cine en &#8220;xXx&#8221; estas son las primeras im\u00e1genes del trailer con el jugador del FC Barcelona <a href=\"https:\/\/twitter.com\/hashtag\/ElTransistor?src=hash\">#ElTransistor<\/a> <a href=\"https:\/\/t.co\/zhq8FOsTtS\">pic.twitter.com\/zhq8FOsTtS<\/a><\/p>\n<p>\u2014 El Transistor (@ElTransistorOC) <a href=\"https:\/\/twitter.com\/ElTransistorOC\/status\/821801749090619406\">18 de enero de 2017<\/a><\/p><\/blockquote>\n<p><script async src=\"\/\/platform.twitter.com\/widgets.js\" charset=\"utf-8\"><\/script><\/p>\n<p><a href=\"https:\/\/twitter.com\/MXFutbolTotal\" target=\"_blank\"><span style=\"color: #3366ff;\"><strong>S\u00edguenos en Twitter: @MXFutbolTotal<\/strong><\/span><\/a><\/p>\n","protected":false},"excerpt":{"rendered":"<p>La pel\u00edcula en la que el crack brasile\u00f1o de los Blaugranas se estrena en el cine llegar\u00e1 a los cines este mes.<\/p>\n","protected":false},"author":20,"featured_media":450969,"comment_status":"closed","ping_status":"closed","sticky":false,"template":"","format":"standard","meta":[],"categories":[3839,3844,5951],"tags":[2086,5984,6009,6001],"_links":{"self":[{"href":"http:\/\/desarrollo.grupomedios.com\/futbol\/wp-json\/wp\/v2\/posts\/454744"}],"collection":[{"href":"http:\/\/desarrollo.grupomedios.com\/futbol\/wp-json\/wp\/v2\/posts"}],"about":[{"href":"http:\/\/desarrollo.grupomedios.com\/futbol\/wp-json\/wp\/v2\/types\/post"}],"author":[{"embeddable":true,"href":"http:\/\/desarrollo.grupomedios.com\/futbol\/wp-json\/wp\/v2\/users\/20"}],"replies":[{"embeddable":true,"href":"http:\/\/desarrollo.grupomedios.com\/futbol\/wp-json\/wp\/v2\/comments?post=454744"}],"version-history":[{"count":0,"href":"http:\/\/desarrollo.grupomedios.com\/futbol\/wp-json\/wp\/v2\/posts\/454744\/revisions"}],"wp:featuredmedia":[{"embeddable":true,"href":"http:\/\/desarrollo.grupomedios.com\/futbol\/wp-json\/wp\/v2\/media\/450969"}],"wp:attachment":[{"href":"http:\/\/desarrollo.grupomedios.com\/futbol\/wp-json\/wp\/v2\/media?parent=454744"}],"wp:term":[{"taxonomy":"category","embeddable":true,"href":"http:\/\/desarrollo.grupomedios.com\/futbol\/wp-json\/wp\/v2\/categories?post=454744"},{"taxonomy":"post_tag","embeddable":true,"href":"http:\/\/desarrollo.grupomedios.com\/futbol\/wp-json\/wp\/v2\/tags?post=454744"}],"curies":[{"name":"wp","href":"https:\/\/api.w.org\/{rel}","templated":true}]}}