{"id":454763,"date":"2017-01-18T17:51:16","date_gmt":"2017-01-18T23:51:16","guid":{"rendered":"https:\/\/www.futboltotal.com.mx\/?p=454763"},"modified":"2017-01-18T17:51:43","modified_gmt":"2017-01-18T23:51:43","slug":"gio-vela-habrian-explotado-nivel-cuauhtemoc-blanco","status":"publish","type":"post","link":"http:\/\/desarrollo.grupomedios.com\/futbol\/futbol-mexicano\/gio-vela-habrian-explotado-nivel-cuauhtemoc-blanco\/2017\/01","title":{"rendered":"Conmigo, Gio y Vela habr\u00edan explotado su nivel: Cuau"},"content":{"rendered":"<p>En una entrevista, el ex futbolista mexicano, <strong>Cuauht\u00e9moc Blanco<\/strong>, revel\u00f3 que le habr\u00eda gustado compartir la cancha con <strong>Giovani dos Santos<\/strong> y <strong>Carlos Vela<\/strong>, con los que coincidi\u00f3 por muy poco tiempo en la <a href=\"http:\/\/futboltotal.com.mx\/futbol-mexicano\/seleccion-mexicana\/\" target=\"_blank\">Selecci\u00f3n Mexicana<\/a>, pues con \u00e9l, ambos jugadores habr\u00edan elevado su nivel, considerablemente.<\/p>\n<p>\u201cCreo que por mi estilo de juego, <strong>Giovani dos Santos<\/strong> y <strong>Carlos Vela<\/strong> habr\u00edan explotado todo su potencial si hubi\u00e9semos coincidido m\u00e1s, son grandes jugadores\u201d, indic\u00f3 <strong>Cuauht\u00e9moc Blanco<\/strong> en entrevista con Televisa Deportes.<\/p>\n<p>A pesar de halagar las condiciones de <em>Gio<\/em> y del <em>Bombardero<\/em>, <strong>Cuauht\u00e9moc Blanco<\/strong> cree que a los dos futbolistas les hace falta mentalidad para crecer profesionalmente.<\/p>\n<p style=\"text-align: center;\"><span style=\"color: #3366ff;\"><a style=\"color: #3366ff;\" href=\"https:\/\/www.futboltotal.com.mx\/2017\/01\/los-enemigos-cuauhtemoc-blanco\/\" target=\"_blank\"><strong>LEER M\u00c1S: Los archirrivales del Cuau<\/strong><\/a><\/span><\/p>\n<p>\u201cSon mis amigos y se los he dicho. Pero les falta car\u00e1cter y esa ambici\u00f3n por seguir ganando\u201d, agreg\u00f3 el alcalde de Cuernavaca, quien jug\u00f3 el Mundial de Sud\u00e1frica 2010, al lado de <strong>Giovani dos Santos<\/strong> y <strong>Carlos Vela<\/strong>.<\/p>\n<p><strong>S\u00edguenos en Twitter<\/strong>: <a href=\"https:\/\/twitter.com\/MXFutbolTotal\" target=\"_blank\">@MXFutbolTotal<\/a><\/p>\n","protected":false},"excerpt":{"rendered":"<p>El Temo critica y halaga a Giovani y al Bombardero; indica que \u00e9l habr\u00eda exprimido el potencial de ambos.<\/p>\n","protected":false},"author":20,"featured_media":454764,"comment_status":"closed","ping_status":"closed","sticky":false,"template":"","format":"standard","meta":[],"categories":[2198,3847],"tags":[6048,998,5982,142],"_links":{"self":[{"href":"http:\/\/desarrollo.grupomedios.com\/futbol\/wp-json\/wp\/v2\/posts\/454763"}],"collection":[{"href":"http:\/\/desarrollo.grupomedios.com\/futbol\/wp-json\/wp\/v2\/posts"}],"about":[{"href":"http:\/\/desarrollo.grupomedios.com\/futbol\/wp-json\/wp\/v2\/types\/post"}],"author":[{"embeddable":true,"href":"http:\/\/desarrollo.grupomedios.com\/futbol\/wp-json\/wp\/v2\/users\/20"}],"replies":[{"embeddable":true,"href":"http:\/\/desarrollo.grupomedios.com\/futbol\/wp-json\/wp\/v2\/comments?post=454763"}],"version-history":[{"count":0,"href":"http:\/\/desarrollo.grupomedios.com\/futbol\/wp-json\/wp\/v2\/posts\/454763\/revisions"}],"wp:featuredmedia":[{"embeddable":true,"href":"http:\/\/desarrollo.grupomedios.com\/futbol\/wp-json\/wp\/v2\/media\/454764"}],"wp:attachment":[{"href":"http:\/\/desarrollo.grupomedios.com\/futbol\/wp-json\/wp\/v2\/media?parent=454763"}],"wp:term":[{"taxonomy":"category","embeddable":true,"href":"http:\/\/desarrollo.grupomedios.com\/futbol\/wp-json\/wp\/v2\/categories?post=454763"},{"taxonomy":"post_tag","embeddable":true,"href":"http:\/\/desarrollo.grupomedios.com\/futbol\/wp-json\/wp\/v2\/tags?post=454763"}],"curies":[{"name":"wp","href":"https:\/\/api.w.org\/{rel}","templated":true}]}}