{"id":454779,"date":"2017-01-18T19:35:17","date_gmt":"2017-01-19T01:35:17","guid":{"rendered":"https:\/\/www.futboltotal.com.mx\/?p=454779"},"modified":"2017-01-18T19:35:17","modified_gmt":"2017-01-19T01:35:17","slug":"matias-vuoso-esta-regreso-en-mexico","status":"publish","type":"post","link":"http:\/\/desarrollo.grupomedios.com\/futbol\/futbol-mexicano\/matias-vuoso-esta-regreso-en-mexico\/2017\/01","title":{"rendered":"Mat\u00edas Vuoso est\u00e1 de regreso en M\u00e9xico"},"content":{"rendered":"<p>El delantero Mat\u00edas Vuoso al fin pudo cumplir su sue\u00f1o y regresar a nuestro pa\u00eds como lo hab\u00eda pedido hace algunos meses. El Toro fue colocado en diversos equipos de la Liga Mx, pero fueron los Correcaminos del Ascenso MX los que lograron fichar al naturalizado mexicano.<\/p>\n<p>Vuoso llega procedente de Talleres de C\u00f3rdoba equipo con el que no jug\u00f3 ni un solo minuto el a\u00f1o pasado. Mat\u00edas quiere vivir su revancha en el futbol mexicano.<\/p>\n<p style=\"text-align: center;\"><span style=\"color: #3366ff;\"><a style=\"color: #3366ff;\" href=\"https:\/\/www.futboltotal.com.mx\/2017\/01\/remodelacion-del-volcan-sera-incomparable\/\" target=\"_blank\">LEER M\u00c1S: Remodelaci\u00f3n del volc\u00e1n ser\u00e1 &#8216;incomparable&#8217;<\/a><\/span><\/p>\n<p>La mejor etapa de Vuoso la vivi\u00f3 en dos ocasiones con Santos Laguna, equipo que le dio la oportunidad en la Liga Mx y con el que se proclam\u00f3 campe\u00f3n en 2008. Tambi\u00e9n milit\u00f3 con Am\u00e9rica, Atlas, Chiapas, y Cruz Azul.<\/p>\n<p>&nbsp;<\/p>\n<blockquote class=\"twitter-tweet\" data-lang=\"es\">\n<p dir=\"ltr\" lang=\"es\">Checa el momento en que nuestro Presidente Rafael Flores entrega la playera de tus Correcaminos a Vicente Mat\u00edas Vuoso <a href=\"https:\/\/twitter.com\/hashtag\/Bienvenido?src=hash\">#Bienvenido<\/a> <a href=\"https:\/\/t.co\/tTVYgM2Ut0\">pic.twitter.com\/tTVYgM2Ut0<\/a><\/p>\n<p>\u2014 CF Correcaminos UAT (@CFCorrecaminos) <a href=\"https:\/\/twitter.com\/CFCorrecaminos\/status\/821887396258185216\">19 de enero de 2017<\/a><\/p><\/blockquote>\n<p><script async src=\"\/\/platform.twitter.com\/widgets.js\" charset=\"utf-8\"><\/script><\/p>\n<blockquote class=\"twitter-tweet\" data-width=\"500\">\n<p lang=\"es\" dir=\"ltr\">\u00a1Bienvenido a Correcaminos Vicente Mat\u00edas Vuoso! Lo recibimos junto a la afici\u00f3n con los mejores deseos de \u00e9xito con el equipo Azul-naranja <a href=\"https:\/\/t.co\/S1W3zCCaRj\">pic.twitter.com\/S1W3zCCaRj<\/a><\/p>\n<p>&mdash; CF Correcaminos UAT (@CFCorrecaminos) <a href=\"https:\/\/twitter.com\/CFCorrecaminos\/status\/821884324698058753\">January 19, 2017<\/a><\/p><\/blockquote>\n<p><script async src=\"\/\/platform.twitter.com\/widgets.js\" charset=\"utf-8\"><\/script><\/p>\n","protected":false},"excerpt":{"rendered":"<p>El naturalizado mexicano regresa a M\u00e9xico luego de pasar por Talleres de C\u00f3rdoba. <\/p>\n","protected":false},"author":20,"featured_media":454782,"comment_status":"closed","ping_status":"closed","sticky":false,"template":"","format":"standard","meta":[],"categories":[3843,2198,3845],"tags":[61,331],"_links":{"self":[{"href":"http:\/\/desarrollo.grupomedios.com\/futbol\/wp-json\/wp\/v2\/posts\/454779"}],"collection":[{"href":"http:\/\/desarrollo.grupomedios.com\/futbol\/wp-json\/wp\/v2\/posts"}],"about":[{"href":"http:\/\/desarrollo.grupomedios.com\/futbol\/wp-json\/wp\/v2\/types\/post"}],"author":[{"embeddable":true,"href":"http:\/\/desarrollo.grupomedios.com\/futbol\/wp-json\/wp\/v2\/users\/20"}],"replies":[{"embeddable":true,"href":"http:\/\/desarrollo.grupomedios.com\/futbol\/wp-json\/wp\/v2\/comments?post=454779"}],"version-history":[{"count":0,"href":"http:\/\/desarrollo.grupomedios.com\/futbol\/wp-json\/wp\/v2\/posts\/454779\/revisions"}],"wp:featuredmedia":[{"embeddable":true,"href":"http:\/\/desarrollo.grupomedios.com\/futbol\/wp-json\/wp\/v2\/media\/454782"}],"wp:attachment":[{"href":"http:\/\/desarrollo.grupomedios.com\/futbol\/wp-json\/wp\/v2\/media?parent=454779"}],"wp:term":[{"taxonomy":"category","embeddable":true,"href":"http:\/\/desarrollo.grupomedios.com\/futbol\/wp-json\/wp\/v2\/categories?post=454779"},{"taxonomy":"post_tag","embeddable":true,"href":"http:\/\/desarrollo.grupomedios.com\/futbol\/wp-json\/wp\/v2\/tags?post=454779"}],"curies":[{"name":"wp","href":"https:\/\/api.w.org\/{rel}","templated":true}]}}