{"id":454833,"date":"2017-01-19T09:25:43","date_gmt":"2017-01-19T15:25:43","guid":{"rendered":"https:\/\/www.futboltotal.com.mx\/?p=454833"},"modified":"2017-01-19T09:31:48","modified_gmt":"2017-01-19T15:31:48","slug":"manchester-city-presento-perla-brasilena-gabriel-jesus","status":"publish","type":"post","link":"http:\/\/desarrollo.grupomedios.com\/futbol\/futbol-internacional\/manchester-city-presento-perla-brasilena-gabriel-jesus\/2017\/01","title":{"rendered":"Manchester City present\u00f3 a la perla brasile\u00f1a Gabriel Jes\u00fas"},"content":{"rendered":"<p class=\"DETALLE_N_titulo \"><span id=\"ctl14_lblMostra\">El delantero brasile\u00f1o <strong>Gabriel Jes\u00fas<\/strong> fue presentado en el Etihad Stadium como nuevo jugador del <strong>Manchester City<\/strong>, que lo ha fichado para las cinco pr\u00f3ximas temporadas.<\/span><\/p>\n<p>Gabriel Jes\u00fas, que fue contratado el pasado verano por 27 millones de libras, procedente del <strong>Palmeiras<\/strong>, donde jug\u00f3 el resto de la campa\u00f1a 2016 y gan\u00f3 el t\u00edtulo de liga, ha recibido el pase internacional y podr\u00eda debutar el pr\u00f3ximo s\u00e1bado en el partido de Premier League frente al Tottenham Hotspur.<\/p>\n<p>&#8220;Quiero ganar t\u00edtulos y el Manchester City es un club que est\u00e1 acostumbrado a ganar&#8221;, dijo el punta, de 19 a\u00f1os, en unas declaraciones a la p\u00e1gina web de su nuevo equipo. &#8220;El City es un club que compite por el t\u00edtulo en todas y cada una de las competiciones en las que participa&#8221;, agreg\u00f3.<\/p>\n<p>&#8220;Esa, y la presencia del t\u00e9cnico, <strong>Pep Guardiola<\/strong>, y del equipo que hay, fueron los factores por los que me decant\u00e9&#8221;, sostuvo.<\/p>\n<p class=\"DETALLE_N_titulo \"><span id=\"ctl14_lblMostra\"><a href=\"https:\/\/www.futboltotal.com.mx\/2017\/01\/mexico-la-catapulta-los-dt-exitosos\/\">VER M\u00c1S: M\u00c9XICO, LA CATAPULTA DE LOS DT&#8217;S EXITOSOS<\/a><\/span><\/p>\n<p>Gabriel Jes\u00fas, que lucir\u00e1 el dorsal n\u00famero &#8217;33&#8217; -&#8220;la edad de Cristo&#8221;-, es el s\u00e9ptimo refuerzo de Guardiola desde su llegada, el pasado verano, al banquillo del City, tras John Stones (Everton), Ilkay G\u00fcndogan (Borussia Dortmund), Leroy San\u00e9 (Schalke 04), Claudio Bravo (Barcelona), Nolito (Celta de Vigo) y Marlos Moreno (Atl\u00e9tico Nacional, cedido al Deportivo de La Coru\u00f1a).<\/p>\n<p>&nbsp;<\/p>\n<blockquote class=\"twitter-tweet\" data-lang=\"es\">\n<p dir=\"ltr\" lang=\"en\">It&#8217;s time!<a href=\"https:\/\/twitter.com\/hashtag\/WelcomeGabriel?src=hash\">#WelcomeGabriel<\/a> to Manchester City! <a href=\"https:\/\/twitter.com\/hashtag\/mcfc?src=hash\">#mcfc<\/a><a href=\"https:\/\/t.co\/z9MK00HbEX\">https:\/\/t.co\/z9MK00HbEX<\/a><\/p>\n<p>\u2014 Manchester City (@ManCity) <a href=\"https:\/\/twitter.com\/ManCity\/status\/822009721578291201\">19 de enero de 2017<\/a><\/p><\/blockquote>\n<p><script async src=\"\/\/platform.twitter.com\/widgets.js\" charset=\"utf-8\"><\/script><\/p>\n<p>&#8220;Gabriel es un jugador muy t\u00e9cnico que estaba siendo seguido por algunos de los clubes m\u00e1s importantes de Europa, y estamos encantados de que haya decidido fichar por el City&#8221;, coment\u00f3 el espa\u00f1ol Txiki Begiristain, director deportivo del conjunto mancuniano.<\/p>\n<p>&#8220;Tiene el potencial para convertirse en uno de los mejores delanteros del mundo y estamos deseando ver c\u00f3mo sigue mejorando aqu\u00ed en M\u00e1nchester&#8221;, a\u00f1adi\u00f3.<\/p>\n<p>&nbsp;<\/p>\n<blockquote class=\"twitter-video\" data-lang=\"es\">\n<p dir=\"ltr\" lang=\"es\">Gabriel Jes\u00fas es oficializado como jugador del .<a href=\"https:\/\/twitter.com\/ManCity\">@ManCity<\/a> <a href=\"https:\/\/t.co\/MipY6bQjCp\">pic.twitter.com\/MipY6bQjCp<\/a><\/p>\n<p>\u2014 Fan\u00e1tico (@Fanatico_ET) <a href=\"https:\/\/twitter.com\/Fanatico_ET\/status\/822099608662843392\">19 de enero de 2017<\/a><\/p><\/blockquote>\n<p><script async src=\"\/\/platform.twitter.com\/widgets.js\" charset=\"utf-8\"><\/script><\/p>\n<p>&#8220;Creo que con Pep Guardiola como entrenador y con la plantilla que tenemos, Jes\u00fas tiene la plataforma perfecta para alcanzar todo su potencial&#8221;, indic\u00f3.<\/p>\n<p>Gabriel Jesus, que ayud\u00f3 a la selecci\u00f3n brasile\u00f1a a colgarse la medalla de oro en los Juegos Ol\u00edmpicos de R\u00edo 2016, podr\u00eda debutar el s\u00e1bado, en la jornada 22 de liga ante el Tottenham.<\/p>\n<p>El equipo de Guardiola marcha en quinta posici\u00f3n en la tabla, con 42 puntos, a 10 del l\u00edder, el Chelsea, y encadena dos derrotas en los \u00faltimos tres partidos de Premier.<\/p>\n<p class=\"DETALLE_N_titulo \"><a href=\"https:\/\/www.futboltotal.com.mx\/2017\/01\/resultado-copa-mx-america-3-2-santos\/\">VER M\u00c1S: EX &#8216;GUERREROS&#8217; DEL AM\u00c9RICA SOMETEN A SANTOS EN EL AZTECA<\/a><\/p>\n","protected":false},"excerpt":{"rendered":"<p>El delantero brasile\u00f1o, procedente del Palmeiras, podr\u00eda debutar ante el Tottenham.<\/p>\n","protected":false},"author":144,"featured_media":454835,"comment_status":"closed","ping_status":"closed","sticky":false,"template":"","format":"standard","meta":[],"categories":[7740,3839,3846],"tags":[147,2450,8041,5993,334,8043,8042],"_links":{"self":[{"href":"http:\/\/desarrollo.grupomedios.com\/futbol\/wp-json\/wp\/v2\/posts\/454833"}],"collection":[{"href":"http:\/\/desarrollo.grupomedios.com\/futbol\/wp-json\/wp\/v2\/posts"}],"about":[{"href":"http:\/\/desarrollo.grupomedios.com\/futbol\/wp-json\/wp\/v2\/types\/post"}],"author":[{"embeddable":true,"href":"http:\/\/desarrollo.grupomedios.com\/futbol\/wp-json\/wp\/v2\/users\/144"}],"replies":[{"embeddable":true,"href":"http:\/\/desarrollo.grupomedios.com\/futbol\/wp-json\/wp\/v2\/comments?post=454833"}],"version-history":[{"count":0,"href":"http:\/\/desarrollo.grupomedios.com\/futbol\/wp-json\/wp\/v2\/posts\/454833\/revisions"}],"wp:featuredmedia":[{"embeddable":true,"href":"http:\/\/desarrollo.grupomedios.com\/futbol\/wp-json\/wp\/v2\/media\/454835"}],"wp:attachment":[{"href":"http:\/\/desarrollo.grupomedios.com\/futbol\/wp-json\/wp\/v2\/media?parent=454833"}],"wp:term":[{"taxonomy":"category","embeddable":true,"href":"http:\/\/desarrollo.grupomedios.com\/futbol\/wp-json\/wp\/v2\/categories?post=454833"},{"taxonomy":"post_tag","embeddable":true,"href":"http:\/\/desarrollo.grupomedios.com\/futbol\/wp-json\/wp\/v2\/tags?post=454833"}],"curies":[{"name":"wp","href":"https:\/\/api.w.org\/{rel}","templated":true}]}}