{"id":454843,"date":"2017-01-19T10:13:03","date_gmt":"2017-01-19T16:13:03","guid":{"rendered":"https:\/\/www.futboltotal.com.mx\/?p=454843"},"modified":"2017-01-19T12:23:08","modified_gmt":"2017-01-19T18:23:08","slug":"elias-hernandez-reconoce-que-si-hubo-acercamientos-del-futbol-italiano","status":"publish","type":"post","link":"http:\/\/desarrollo.grupomedios.com\/futbol\/futbol-mexicano\/elias-hernandez-reconoce-que-si-hubo-acercamientos-del-futbol-italiano\/2017\/01","title":{"rendered":"El\u00edas Hern\u00e1ndez reconoce que tuvo acercamientos en Italia"},"content":{"rendered":"<p>El volante del Le\u00f3n<strong> El\u00edas Hern\u00e1ndez<\/strong> reconoci\u00f3 que s\u00ed se acercaron del futbol italiano, concretamente del Genoa, para llev\u00e1rselo a sus filas. En entrevista con el programa <em>S\u00faper Estadio<\/em> el futbolista de 28 a\u00f1os de edad asever\u00f3: \u201cHubo un acercamiento, hubo inter\u00e9s, pero realmente nada concreto por eso tampoco sal\u00ed a la prensa a mencionar nada\u201d.<\/p>\n<p style=\"text-align: center;\"><a href=\"https:\/\/www.futboltotal.com.mx\/2017\/01\/liga-mx-sigue-fichando-malasia-leon-jorge-pereyra\/\"><span style=\"color: #3366ff;\">LEER M\u00c1S: La Liga MX sigue fichando en Malasia, ahora fue el Le\u00f3n<\/span><\/a><\/p>\n<p>Fue el pasado 10 de enero cuando el diario italiano <em>Tutto Mercatto<\/em> public\u00f3 que el cuadro dirigido por el entrenador Ivan Juric buscaba retocar el mediocampo y tendr\u00eda inter\u00e9s en fichar a <strong>El\u00edas Hern\u00e1ndez<\/strong>.<\/p>\n<p>Aunque el futbolista del equipo <em>Esmeralda<\/em> reconoci\u00f3 el acercamiento, tambi\u00e9n aclar\u00f3 que no hay nada concreto hasta el momento, aunque acept\u00f3 estar &#8220;contento de que hay inter\u00e9s de otros equipos y saber que de alguna manera mi trabajo se ve reflejado en ese tipo de cosas\u201d.<\/p>\n<p style=\"text-align: center;\"><a href=\"https:\/\/www.futboltotal.com.mx\/2017\/01\/leon-golea-a-morelia-en-jornada-1-copa-mx\/\"><span style=\"color: #3366ff;\">LEER M\u00c1S: Le\u00f3n golea a Morelia en jornada 1 de Copa MX<\/span><\/a><\/p>\n<p><strong>Hern\u00e1ndez<\/strong> tiene contrato con el Le\u00f3n hasta julio de 2017 y habr\u00e1 que esperar para ver si llega una oferta formal del club italiano a m\u00e1s tardar el 31 de enero, fecha en la cual se cierra el actual periodo de fichajes en Europa.<\/p>\n<p><b>S\u00edguenos en <span id=\"m_4797993768230762825goog_2054972132\"><\/span>Twitter <a href=\"https:\/\/twitter.com\/MXFutbolTotal\" target=\"_blank\" data-saferedirecturl=\"https:\/\/www.google.com\/url?hl=es&amp;q=https:\/\/twitter.com\/MXFutbolTotal&amp;source=gmail&amp;ust=1484924977852000&amp;usg=AFQjCNEjXzhk6JHcQIkB26io5xWvnyU9zw\">@MXFutbolTotal<\/a><\/b><\/p>\n","protected":false},"excerpt":{"rendered":"<p>Sigue sin haber una propuesta formal por el jugador del Le\u00f3n.<\/p>\n","protected":false},"author":20,"featured_media":454848,"comment_status":"closed","ping_status":"closed","sticky":false,"template":"","format":"standard","meta":[],"categories":[2198,3845,5950],"tags":[332,161,5965],"_links":{"self":[{"href":"http:\/\/desarrollo.grupomedios.com\/futbol\/wp-json\/wp\/v2\/posts\/454843"}],"collection":[{"href":"http:\/\/desarrollo.grupomedios.com\/futbol\/wp-json\/wp\/v2\/posts"}],"about":[{"href":"http:\/\/desarrollo.grupomedios.com\/futbol\/wp-json\/wp\/v2\/types\/post"}],"author":[{"embeddable":true,"href":"http:\/\/desarrollo.grupomedios.com\/futbol\/wp-json\/wp\/v2\/users\/20"}],"replies":[{"embeddable":true,"href":"http:\/\/desarrollo.grupomedios.com\/futbol\/wp-json\/wp\/v2\/comments?post=454843"}],"version-history":[{"count":0,"href":"http:\/\/desarrollo.grupomedios.com\/futbol\/wp-json\/wp\/v2\/posts\/454843\/revisions"}],"wp:featuredmedia":[{"embeddable":true,"href":"http:\/\/desarrollo.grupomedios.com\/futbol\/wp-json\/wp\/v2\/media\/454848"}],"wp:attachment":[{"href":"http:\/\/desarrollo.grupomedios.com\/futbol\/wp-json\/wp\/v2\/media?parent=454843"}],"wp:term":[{"taxonomy":"category","embeddable":true,"href":"http:\/\/desarrollo.grupomedios.com\/futbol\/wp-json\/wp\/v2\/categories?post=454843"},{"taxonomy":"post_tag","embeddable":true,"href":"http:\/\/desarrollo.grupomedios.com\/futbol\/wp-json\/wp\/v2\/tags?post=454843"}],"curies":[{"name":"wp","href":"https:\/\/api.w.org\/{rel}","templated":true}]}}