{"id":454858,"date":"2017-01-19T11:54:07","date_gmt":"2017-01-19T17:54:07","guid":{"rendered":"https:\/\/www.futboltotal.com.mx\/?p=454858"},"modified":"2017-01-19T12:22:24","modified_gmt":"2017-01-19T18:22:24","slug":"salcedo-oportunidad-fichar-definitivamente-la-fiorentina","status":"publish","type":"post","link":"http:\/\/desarrollo.grupomedios.com\/futbol\/futbol-internacional\/salcedo-oportunidad-fichar-definitivamente-la-fiorentina\/2017\/01","title":{"rendered":"Salcedo tiene oportunidad de quedarse en la Fiorentina"},"content":{"rendered":"<p>&nbsp;<\/p>\n<p>En la <strong>Fiorentina<\/strong> hay posibilidades para que el defensa central <strong>Carlos Salcedo<\/strong>\u00a0firme un nuevo contrato y fiche definitivamente con el club al t\u00e9rmino de la presente temporada.<\/p>\n<p>Y es que, el cuadro italiano no ha mostrado intenci\u00f3n de mantener en sus filas a su capit\u00e1n y defensa argentino Gonzalo Rodr\u00edguez, de 32 a\u00f1os, cuya \u00faltima renovaci\u00f3n fue en el verano de 2014 y hasta ahora no ha recibido una propuesta para negociar su permanencia.<\/p>\n<p style=\"text-align: center;\"><span style=\"color: #3366ff;\">LEER M\u00c1S: Todas las noticias de futbol internacional<\/span><\/p>\n<p style=\"text-align: left;\">Jose Iglesias, represetante del argentino, afirm\u00f3 este jueves que\u00a0&#8220;durante estos meses no recibimos alguna comunicaci\u00f3n de la Fiorentina,<span style=\"text-align: center;\">\u00a0y este comportamiento hace pensar que el club no tiene inter\u00e9s en renovar&#8221;.<\/span><\/p>\n<p>&#8220;Desde hace un tiempo estamos evaluando la posibilidad de varias propuestas para el futuro del jugador y en un mes definiremos todo con un nuevo equipo&#8221;, a\u00f1adi\u00f3 Iglesias al diario\u00a0<em>La Nazione, <\/em>de Florencia.<\/p>\n<p>La postura del club por deja abierta la posibilidad para que el equipo contemple ejercer la opci\u00f3n de compra por el central mexicano, que el pasado verano dej\u00f3 Chivas para llegar a pr\u00e9stamo y, en su momento, dej\u00f3 claro que su continuidad en el club solo depend\u00eda de el mismo: &#8220;Vergara e Higuera accedieron y seguir pasa m\u00e1s por la adaptaci\u00f3n y el rendimiento que pueda tener&#8221;.<\/p>\n<p>Esta campa\u00f1a, <strong>Salcedo<\/strong>\u00a0ha jugado 12 partidos (12 de liga y 2 de Europa League) y ha tenido un buen rendimiento en el club con el entrenador Paulo Sousa, quien lo ha utilizado como central y lateral por ambas bandas.<\/p>\n<p>&nbsp;<\/p>\n","protected":false},"excerpt":{"rendered":"<p>El cuadro italiano no renovar\u00e1 al defensa central argentino Gonzalo Rodr\u00edguez. <\/p>\n","protected":false},"author":20,"featured_media":454865,"comment_status":"closed","ping_status":"closed","sticky":false,"template":"","format":"standard","meta":[],"categories":[3839,3848,6718],"tags":[5531,1053,5958],"_links":{"self":[{"href":"http:\/\/desarrollo.grupomedios.com\/futbol\/wp-json\/wp\/v2\/posts\/454858"}],"collection":[{"href":"http:\/\/desarrollo.grupomedios.com\/futbol\/wp-json\/wp\/v2\/posts"}],"about":[{"href":"http:\/\/desarrollo.grupomedios.com\/futbol\/wp-json\/wp\/v2\/types\/post"}],"author":[{"embeddable":true,"href":"http:\/\/desarrollo.grupomedios.com\/futbol\/wp-json\/wp\/v2\/users\/20"}],"replies":[{"embeddable":true,"href":"http:\/\/desarrollo.grupomedios.com\/futbol\/wp-json\/wp\/v2\/comments?post=454858"}],"version-history":[{"count":0,"href":"http:\/\/desarrollo.grupomedios.com\/futbol\/wp-json\/wp\/v2\/posts\/454858\/revisions"}],"wp:featuredmedia":[{"embeddable":true,"href":"http:\/\/desarrollo.grupomedios.com\/futbol\/wp-json\/wp\/v2\/media\/454865"}],"wp:attachment":[{"href":"http:\/\/desarrollo.grupomedios.com\/futbol\/wp-json\/wp\/v2\/media?parent=454858"}],"wp:term":[{"taxonomy":"category","embeddable":true,"href":"http:\/\/desarrollo.grupomedios.com\/futbol\/wp-json\/wp\/v2\/categories?post=454858"},{"taxonomy":"post_tag","embeddable":true,"href":"http:\/\/desarrollo.grupomedios.com\/futbol\/wp-json\/wp\/v2\/tags?post=454858"}],"curies":[{"name":"wp","href":"https:\/\/api.w.org\/{rel}","templated":true}]}}