{"id":454862,"date":"2017-01-19T11:47:14","date_gmt":"2017-01-19T17:47:14","guid":{"rendered":"https:\/\/www.futboltotal.com.mx\/?p=454862"},"modified":"2017-01-19T11:48:08","modified_gmt":"2017-01-19T17:48:08","slug":"diego-robinho-regresan-a-la-canarinha-ante-colombia","status":"publish","type":"post","link":"http:\/\/desarrollo.grupomedios.com\/futbol\/futbol-internacional\/diego-robinho-regresan-a-la-canarinha-ante-colombia\/2017\/01","title":{"rendered":"Diego y Robinho regresan a la Canarinha ante Colombia"},"content":{"rendered":"<p>La vuelta a la selecci\u00f3n brasile\u00f1a del mediapunta Diego Ribas y el delantero <strong>Robinho<\/strong> es la principal novedad en la lista de convocados de la <em>canarinha<\/em> para el partido amistoso que jugar\u00e1 contra Colombia el pr\u00f3ximo 25 de enero.<\/p>\n<p>El seleccionador brasile\u00f1o, Adenor Leonardo Bachi <em>Tite<\/em>, dio a conocer hoy la lista de 23 futbolistas, todos ellos actuando en Brasil, para disputar el &#8216;partido de la amistad&#8217;, en homenaje a las v\u00edctimas del accidente a\u00e9reo en el que viajaba el Chapecoense.<\/p>\n<p style=\"text-align: center;\"><a href=\"https:\/\/www.futboltotal.com.mx\/2017\/01\/rivaldo-juega-disfrazado-sorprende-a-equipo-aficionados-cules\/\"><span style=\"color: #3366ff;\">LEER M\u00c1S: Rivaldo juega disfrazado y sorprende a un equipo de aficionados<\/span><\/a><\/p>\n<p>Diego Ribas, de 31 a\u00f1os, regresa a la selecci\u00f3n brasile\u00f1a tras casi 8 a\u00f1os de ausencia.<\/p>\n<p>El jugador regres\u00f3 el a\u00f1o pasado al futbol brasile\u00f1o al fichar por el Flamengo de R\u00edo de Janeiro, tras doce a\u00f1os en Europa en el que milit\u00f3 en equipos como el Atl\u00e9tico de Madrid o el Juventus de Tur\u00edn.<\/p>\n<p>Su \u00faltima aparici\u00f3n con la <em>canarinha<\/em> fue durante la fase de clasificaci\u00f3n para el Mundial de Sud\u00e1frica de 2010, en el que finalmente no fue convocado por el entonces t\u00e9cnico Dunga.<\/p>\n<p>Junto a Diego, la otra gran novedad es el veterano <strong>Robinho<\/strong>, quien vuelve a la selecci\u00f3n brasile\u00f1a tras un a\u00f1o y medio de ausencia. El regreso de Robinho a la selecci\u00f3n coincide con la fecha en la que cumplir\u00e1 33 a\u00f1os.<\/p>\n<p>https:\/\/twitter.com\/Robinho\/status\/822073913005969410<\/p>\n<p>En la lista destacan dos jugadores del actual campe\u00f3n de liga, el Palmeiras (Dudu y Victor Hugo), as\u00ed como varias de las revelaciones de la pasada temporada en la Serie A brasile\u00f1a, como Gustavo Scarpa, Camilo, Jorge, Wallace o Willian Arao.<\/p>\n<p>La renta del partido ser\u00e1 destinada a las familias de las v\u00edctimas del accidente a\u00e9reo.<\/p>\n<p style=\"text-align: center;\"><a href=\"https:\/\/www.futboltotal.com.mx\/2017\/01\/concacaf-no-se-unificara-conmebol-para-eliminatorias\/\"><span style=\"color: #3366ff;\">LEER M\u00c1S: Concacaf no se unificar\u00e1 con Conmebol<\/span><\/a><\/p>\n<p>Lista de convocados:<\/p>\n<p>Porteros: Alex Muralha (Flamengo), Danilo (Internacional de Porto Alegre) y Weverton (Atl\u00e9tico Paranaense).<\/p>\n<p>Defensas: Geromel (Gremio de Porto Alegre), Luan Garcia (Vasco da Gama), Rodrigo Caio (Sao Paulo), Victor Hugo (Palmeiras), F\u00e1bio Santos (Atl\u00e9tico Mineiro), Fagner (Corinthians), Jorge (Flamengo) y Marcos Rocha (Atl\u00e9tico Mineiro)<\/p>\n<p>Centrocampistas: Camilo (Botafogo), Diego (Flamengo), Gustavo Scarpa (Fluminense), Henrique (Cruzeiro), Lucas Lima (Santos), Rodriguinho (Corinthians) , Wallace (Gremio de Porto Alegre) y Willian Arao (Flamengo).<\/p>\n<p>Delanteros: Diego Souza (Sport Recife), Dudu (Palmeiras), Luan (Gremio de Porto Alegre) y Robinho (Atl\u00e9tico Mineiro).<\/p>\n<p><b>S\u00edguenos en <span id=\"m_4797993768230762825goog_2054972132\"><\/span>Twitter <a href=\"https:\/\/twitter.com\/MXFutbolTotal\" target=\"_blank\" data-saferedirecturl=\"https:\/\/www.google.com\/url?hl=es&amp;q=https:\/\/twitter.com\/MXFutbolTotal&amp;source=gmail&amp;ust=1484924977852000&amp;usg=AFQjCNEjXzhk6JHcQIkB26io5xWvnyU9zw\">@MXFutbolTotal<\/a><\/b><\/p>\n","protected":false},"excerpt":{"rendered":"<p>El juego ser\u00e1 en homenaje a las v\u00edctimas del avionazo en el cual murieron jugadores del Chapecoense.<\/p>\n","protected":false},"author":144,"featured_media":454863,"comment_status":"closed","ping_status":"closed","sticky":false,"template":"","format":"standard","meta":[],"categories":[3839,5951],"tags":[6009,4548,521],"_links":{"self":[{"href":"http:\/\/desarrollo.grupomedios.com\/futbol\/wp-json\/wp\/v2\/posts\/454862"}],"collection":[{"href":"http:\/\/desarrollo.grupomedios.com\/futbol\/wp-json\/wp\/v2\/posts"}],"about":[{"href":"http:\/\/desarrollo.grupomedios.com\/futbol\/wp-json\/wp\/v2\/types\/post"}],"author":[{"embeddable":true,"href":"http:\/\/desarrollo.grupomedios.com\/futbol\/wp-json\/wp\/v2\/users\/144"}],"replies":[{"embeddable":true,"href":"http:\/\/desarrollo.grupomedios.com\/futbol\/wp-json\/wp\/v2\/comments?post=454862"}],"version-history":[{"count":0,"href":"http:\/\/desarrollo.grupomedios.com\/futbol\/wp-json\/wp\/v2\/posts\/454862\/revisions"}],"wp:featuredmedia":[{"embeddable":true,"href":"http:\/\/desarrollo.grupomedios.com\/futbol\/wp-json\/wp\/v2\/media\/454863"}],"wp:attachment":[{"href":"http:\/\/desarrollo.grupomedios.com\/futbol\/wp-json\/wp\/v2\/media?parent=454862"}],"wp:term":[{"taxonomy":"category","embeddable":true,"href":"http:\/\/desarrollo.grupomedios.com\/futbol\/wp-json\/wp\/v2\/categories?post=454862"},{"taxonomy":"post_tag","embeddable":true,"href":"http:\/\/desarrollo.grupomedios.com\/futbol\/wp-json\/wp\/v2\/tags?post=454862"}],"curies":[{"name":"wp","href":"https:\/\/api.w.org\/{rel}","templated":true}]}}