{"id":454906,"date":"2017-01-19T15:16:13","date_gmt":"2017-01-19T21:16:13","guid":{"rendered":"https:\/\/www.futboltotal.com.mx\/?p=454906"},"modified":"2017-01-19T15:23:03","modified_gmt":"2017-01-19T21:23:03","slug":"sergio-ramos-habria-escupido-a-rival-en-copa-del-rey","status":"publish","type":"post","link":"http:\/\/desarrollo.grupomedios.com\/futbol\/videos\/sergio-ramos-habria-escupido-a-rival-en-copa-del-rey\/2017\/01","title":{"rendered":"Sergio Ramos escupe a rival en Copa del Rey"},"content":{"rendered":"<p>El futbolista del Real Madrid, <strong>Sergio Ramos<\/strong>, nuevamente se encuentra en boca de todos, debido a que lanz\u00f3 un escupitajo a <strong>Iago Aspas<\/strong>, durante el juego de Ida de los Cuartos de Final de la Copa del Rey entre el Real Madrid y el Celta de Vigo.<\/p>\n<p><strong>Sergio Ramos<\/strong> y <strong>Iago Aspas<\/strong>, tuvieron un duro pique durante todo el partido, pero la batalla entre ambos fue concluida de forma antideportiva, debido a un escupitajo del defensa espa\u00f1ol; las primeras im\u00e1genes de la agresi\u00f3n, difundidas por el diario espa\u00f1ol, <em>Sport<\/em>.<\/p>\n<p><a href=\"https:\/\/www.futboltotal.com.mx\/wp-content\/uploads\/2017\/01\/escupitajo-ramos-aspa.jpg\"><img decoding=\"async\" loading=\"lazy\" class=\"alignnone size-full wp-image-454907\" src=\"https:\/\/www.futboltotal.com.mx\/wp-content\/uploads\/2017\/01\/escupitajo-ramos-aspa.jpg\" alt=\"escupitajo-ramos-aspa\" srcset=\"http:\/\/desarrollo.grupomedios.com\/futbol\/wp-content\/uploads\/2017\/01\/escupitajo-ramos-aspa.jpg 1136w, http:\/\/desarrollo.grupomedios.com\/futbol\/wp-content\/uploads\/2017\/01\/escupitajo-ramos-aspa-300x169.jpg 300w, http:\/\/desarrollo.grupomedios.com\/futbol\/wp-content\/uploads\/2017\/01\/escupitajo-ramos-aspa-768x432.jpg 768w, http:\/\/desarrollo.grupomedios.com\/futbol\/wp-content\/uploads\/2017\/01\/escupitajo-ramos-aspa-1024x576.jpg 1024w, http:\/\/desarrollo.grupomedios.com\/futbol\/wp-content\/uploads\/2017\/01\/escupitajo-ramos-aspa-317x178.jpg 317w, http:\/\/desarrollo.grupomedios.com\/futbol\/wp-content\/uploads\/2017\/01\/escupitajo-ramos-aspa-535x301.jpg 535w, http:\/\/desarrollo.grupomedios.com\/futbol\/wp-content\/uploads\/2017\/01\/escupitajo-ramos-aspa-374x210.jpg 374w\" sizes=\"(max-width: 1136px) 100vw, 1136px\" \/><\/a><\/p>\n<p style=\"text-align: center;\"><span style=\"color: #3366ff;\"><a style=\"color: #3366ff;\" href=\"https:\/\/www.futboltotal.com.mx\/2017\/01\/quiz-buen-futbolista-eres\/\" target=\"_blank\"><strong>LEER M\u00c1S: QUIZ | Qu\u00e9 tan buen futbolista eres<\/strong><\/a><\/span><\/p>\n<p>Con esta agresi\u00f3n de <strong>Sergio Ramos<\/strong>, es la segunda vez que el defensa incurre en un acto antideportivo, la ocasi\u00f3n anterior fue en un derbi de Madrid, cuando el espa\u00f1ol escupi\u00f3 al delantero de los Colchoneros, Diego Costa. El escupitajo tambi\u00e9n fue captado en video, por lo que el defensa podr\u00eda recibir una sanci\u00f3n dura.<\/p>\n<blockquote class=\"twitter-video\" data-lang=\"es\">\n<p dir=\"ltr\" lang=\"es\">Sergio Ramos escupe a Iago Aspas. \u00bfEsto no lo denunci\u00e1is, <a href=\"https:\/\/twitter.com\/LaLiga\">@LaLiga<\/a>? <a href=\"https:\/\/t.co\/OT1XQ3JQvk\">pic.twitter.com\/OT1XQ3JQvk<\/a><\/p>\n<p>\u2014 Doctor Vigu\u00e9s (@DoctorVigues) <a href=\"https:\/\/twitter.com\/DoctorVigues\/status\/822111101802475523\">19 de enero de 2017<\/a><\/p><\/blockquote>\n<p><script async src=\"\/\/platform.twitter.com\/widgets.js\" charset=\"utf-8\"><\/script><\/p>\n<p>Por lo visto, la moda de los escupitajos, que en la Liga MX se dio con Diego Novaretti y Gabriel Pe\u00f1alba, no es exclusiva del tercer mundo, la prueba est\u00e1 en las im\u00e1genes de <strong>Sergio Ramos.<\/strong><\/p>\n<p><strong>S\u00edguenos en Twitter:<\/strong> <a href=\"https:\/\/twitter.com\/MXFutbolTotal\" target=\"_blank\">@MXFutbolTotal<\/a><\/p>\n","protected":false},"excerpt":{"rendered":"<p>Prensa ib\u00e9rica revela fotograf\u00edas del zaguero agrediendo a Iago Aspas.<\/p>\n","protected":false},"author":20,"featured_media":454908,"comment_status":"closed","ping_status":"closed","sticky":false,"template":"","format":"standard","meta":[],"categories":[3839,3844,4,6433],"tags":[5988,6020],"_links":{"self":[{"href":"http:\/\/desarrollo.grupomedios.com\/futbol\/wp-json\/wp\/v2\/posts\/454906"}],"collection":[{"href":"http:\/\/desarrollo.grupomedios.com\/futbol\/wp-json\/wp\/v2\/posts"}],"about":[{"href":"http:\/\/desarrollo.grupomedios.com\/futbol\/wp-json\/wp\/v2\/types\/post"}],"author":[{"embeddable":true,"href":"http:\/\/desarrollo.grupomedios.com\/futbol\/wp-json\/wp\/v2\/users\/20"}],"replies":[{"embeddable":true,"href":"http:\/\/desarrollo.grupomedios.com\/futbol\/wp-json\/wp\/v2\/comments?post=454906"}],"version-history":[{"count":0,"href":"http:\/\/desarrollo.grupomedios.com\/futbol\/wp-json\/wp\/v2\/posts\/454906\/revisions"}],"wp:featuredmedia":[{"embeddable":true,"href":"http:\/\/desarrollo.grupomedios.com\/futbol\/wp-json\/wp\/v2\/media\/454908"}],"wp:attachment":[{"href":"http:\/\/desarrollo.grupomedios.com\/futbol\/wp-json\/wp\/v2\/media?parent=454906"}],"wp:term":[{"taxonomy":"category","embeddable":true,"href":"http:\/\/desarrollo.grupomedios.com\/futbol\/wp-json\/wp\/v2\/categories?post=454906"},{"taxonomy":"post_tag","embeddable":true,"href":"http:\/\/desarrollo.grupomedios.com\/futbol\/wp-json\/wp\/v2\/tags?post=454906"}],"curies":[{"name":"wp","href":"https:\/\/api.w.org\/{rel}","templated":true}]}}