{"id":454912,"date":"2017-01-19T15:53:24","date_gmt":"2017-01-19T21:53:24","guid":{"rendered":"https:\/\/www.futboltotal.com.mx\/?p=454912"},"modified":"2017-01-19T15:53:24","modified_gmt":"2017-01-19T21:53:24","slug":"sampaoli-la-comparacion-increible-lionel-messi","status":"publish","type":"post","link":"http:\/\/desarrollo.grupomedios.com\/futbol\/futbol-internacional\/sampaoli-la-comparacion-increible-lionel-messi\/2017\/01","title":{"rendered":"Sampaoli hace la comparaci\u00f3n m\u00e1s incre\u00edble de Lionel Messi"},"content":{"rendered":"<p>La temporada debut de <strong>Jorge Sampaoli<\/strong> en el futbol de Europa est\u00e1 resultando m\u00e1s que satisfactoria, a la vista de los resultados conseguidos hasta ahora.<\/p>\n<p>El ex seleccionador de Chile se convirti\u00f3 en el director t\u00e9cnico del Sevilla para el curso 2016-17 y en estos momentos tiene a su equipo en el segundo sitio de La Liga de Espa\u00f1a, una posici\u00f3n que pocos podr\u00edan haber augurado antes del arranque del torneo.<\/p>\n<p style=\"text-align: center;\"><a href=\"https:\/\/www.futboltotal.com.mx\/2017\/01\/sergio-ramos-sorprende-a-sampaoli-elogio\/\" target=\"_blank\"><span style=\"color: #3366ff;\"><strong>LEER M\u00c1S: Sergio Ramos sorprende a Sampaoli con un elogio<\/strong><\/span><\/a><\/p>\n<p>Como resultado de la actualidad del cuadro <em>Sevillista<\/em> y de Sampaoli, el t\u00e9cnico argentino fue entrevistado por su compatriota Jorge Valdano para la cadena beIN SPORTS.<\/p>\n<p>En la charla, el entrenador del Sevilla habl\u00f3 sobre la motivaci\u00f3n que tuvo para emprender su primera aventura en el Viejo Continente: \u201cEra decir: \u2018A ver si ac\u00e1 puedo lograr lo que se logr\u00f3 en otros lugares, con otras caracter\u00edsticas\u2019\u201d.<\/p>\n<p style=\"text-align: center;\"><a href=\"https:\/\/www.futboltotal.com.mx\/2016\/12\/sampaoli-hablo-la-posibilidad-fichar-a-david-villa\/\" target=\"_blank\"><span style=\"color: #3366ff;\"><strong>LEER M\u00c1S: Sampaoli habl\u00f3 de la posibilidad de fichar a David Villa<\/strong><\/span><\/a><\/p>\n<p>Antes de estrenarse con el cuadro del S\u00e1nchez Pizju\u00e1n, <strong>Sampaoli<\/strong> son\u00f3 para llegar al tim\u00f3n de la selecci\u00f3n argentina. Y precisamente sobre el capit\u00e1n de la <em>Albiceleste<\/em> se pronunci\u00f3.<\/p>\n<p>El entrenador del Sevilla habl\u00f3 de Lionel Messi, de quien hizo una comparaci\u00f3n que deja ver claramente que, para \u00e9l, <em>La Pulga<\/em> es el mejor del mundo: \u201cComparar a Messi con el resto es comparar a un gran polic\u00eda con Batman\u201d. Con esto, no cabe duda de\u00a0qui\u00e9n es el favorito del entrenador argentino.<\/p>\n<p><a href=\"https:\/\/twitter.com\/MXFutbolTotal\" target=\"_blank\"><span style=\"color: #3366ff;\"><strong>S\u00edguenos en Twitter: @MXFutbolTotal<\/strong><\/span><\/a><\/p>\n","protected":false},"excerpt":{"rendered":"<p>Sampaoli ha sido una de las grandes sensaciones de la presente campa\u00f1a en el futbol espa\u00f1ol.<\/p>\n","protected":false},"author":20,"featured_media":408751,"comment_status":"closed","ping_status":"closed","sticky":false,"template":"","format":"standard","meta":[],"categories":[3839,3844,5951],"tags":[5996,2086,5984,253,4520,76,6012,248,5856,49],"_links":{"self":[{"href":"http:\/\/desarrollo.grupomedios.com\/futbol\/wp-json\/wp\/v2\/posts\/454912"}],"collection":[{"href":"http:\/\/desarrollo.grupomedios.com\/futbol\/wp-json\/wp\/v2\/posts"}],"about":[{"href":"http:\/\/desarrollo.grupomedios.com\/futbol\/wp-json\/wp\/v2\/types\/post"}],"author":[{"embeddable":true,"href":"http:\/\/desarrollo.grupomedios.com\/futbol\/wp-json\/wp\/v2\/users\/20"}],"replies":[{"embeddable":true,"href":"http:\/\/desarrollo.grupomedios.com\/futbol\/wp-json\/wp\/v2\/comments?post=454912"}],"version-history":[{"count":0,"href":"http:\/\/desarrollo.grupomedios.com\/futbol\/wp-json\/wp\/v2\/posts\/454912\/revisions"}],"wp:featuredmedia":[{"embeddable":true,"href":"http:\/\/desarrollo.grupomedios.com\/futbol\/wp-json\/wp\/v2\/media\/408751"}],"wp:attachment":[{"href":"http:\/\/desarrollo.grupomedios.com\/futbol\/wp-json\/wp\/v2\/media?parent=454912"}],"wp:term":[{"taxonomy":"category","embeddable":true,"href":"http:\/\/desarrollo.grupomedios.com\/futbol\/wp-json\/wp\/v2\/categories?post=454912"},{"taxonomy":"post_tag","embeddable":true,"href":"http:\/\/desarrollo.grupomedios.com\/futbol\/wp-json\/wp\/v2\/tags?post=454912"}],"curies":[{"name":"wp","href":"https:\/\/api.w.org\/{rel}","templated":true}]}}