{"id":454922,"date":"2017-01-19T16:39:24","date_gmt":"2017-01-19T22:39:24","guid":{"rendered":"https:\/\/www.futboltotal.com.mx\/?p=454922"},"modified":"2017-01-19T16:39:24","modified_gmt":"2017-01-19T22:39:24","slug":"boca-juniors-quiere-fichar-al-portero-gigante-europa","status":"publish","type":"post","link":"http:\/\/desarrollo.grupomedios.com\/futbol\/futbol-internacional\/boca-juniors-quiere-fichar-al-portero-gigante-europa\/2017\/01","title":{"rendered":"Boca Juniors quiere fichar al portero de un gigante de Europa"},"content":{"rendered":"<p>Pese a todos los reveses que han sufrido ya en su intento por fichar a un nuevo arquero, en <strong>Boca Juniors<\/strong> no se resignan. El listado de los porteros que los <em>Xeneizes<\/em> ambicionaron contratar incluye los nombres de Agust\u00edn Marches\u00edn, Nahuel Guzm\u00e1n y Franco Armani. Por distintos motivos (econ\u00f3micos en buena medida), ninguno de esos deseos se cristaliz\u00f3.<\/p>\n<p>Ahora, el <em>Equipo de la Ribera<\/em> ha a\u00f1adido otro prospecto a su ya larga lista de guardametas pretendidos. Y en esta ocasi\u00f3n, los ojos <em>Xeneizes<\/em> miran m\u00e1s alto, al menos en cuanto a cartel internacional se refiere.<\/p>\n<p style=\"text-align: center;\"><a href=\"https:\/\/www.futboltotal.com.mx\/2017\/01\/chivas-boca-juniors-oficial-partido-amistoso\/\" target=\"_blank\"><span style=\"color: #3366ff;\"><strong>LEER M\u00c1S: Chivas y Boca Juniors hacen oficial partido amistoso<\/strong><\/span><\/a><\/p>\n<p>El arquero sobre el que se concentra ahora el inter\u00e9s de <strong>Boca Juniors<\/strong> es el internacional Sergio Romero, titular de la selecci\u00f3n argentina y suplente del Manchester United.<\/p>\n<p>La situaci\u00f3n de <em>Chiquito <\/em>Romero en el United es inc\u00f3moda, pues est\u00e1 marcado de forma clara como suplente de David De Gea y el director t\u00e9cnico de la <em>Albiceleste<\/em>, Edgardo Bauza, dijo recientemente que el meta necesita ser titular para conservar ese puesto en el seleccionado.<\/p>\n<p style=\"text-align: center;\"><a href=\"https:\/\/www.futboltotal.com.mx\/2016\/12\/una-oferta-puede-sacar-a-dario-benedetto-boca-juniors\/\" target=\"_blank\"><span style=\"color: #3366ff;\"><strong>LEER M\u00c1S: Una oferta puede sacar a Dar\u00edo Benedetto de Boca Juniors<\/strong><\/span><\/a><\/p>\n<p>Por ello, ahora <strong>Boca<\/strong> pretende ser la opci\u00f3n que Romero pueda explotar para conseguir los minutos que no tiene en Old Trafford. El presidente del Equipo de la Ribera, Daniel Angelici, declar\u00f3 el mi\u00e9rcoles sobre Sergio: \u201cFue el primero que me pidi\u00f3 Guillermo [Barros Schelotto]. En su momento no quer\u00eda volver al pa\u00eds, no s\u00e9 si cambia que Bauza haya dicho que necesita ser titular\u201d.<\/p>\n<p>De acuerdo con el Diario Ol\u00e9, el equipo que dirige Barros Schelotto le ofrecer\u00e1 al a\u00fan portero del Manchester United la opci\u00f3n de jugar los \u00faltimos 16 partidos del torneo argentino y luego volver a Old Trafford.<\/p>\n<p><a href=\"https:\/\/twitter.com\/MXFutbolTotal\" target=\"_blank\"><span style=\"color: #3366ff;\"><strong>S\u00edguenos en Twitter: @MXFutbolTotal<\/strong><\/span><\/a><\/p>\n","protected":false},"excerpt":{"rendered":"<p>El equipo Xeneize ahora apunta su inter\u00e9s al guardameta de un gigante del Viejo Continente.<\/p>\n","protected":false},"author":20,"featured_media":440514,"comment_status":"closed","ping_status":"closed","sticky":false,"template":"","format":"standard","meta":[],"categories":[3839,7495,5951],"tags":[5996,2514,1683],"_links":{"self":[{"href":"http:\/\/desarrollo.grupomedios.com\/futbol\/wp-json\/wp\/v2\/posts\/454922"}],"collection":[{"href":"http:\/\/desarrollo.grupomedios.com\/futbol\/wp-json\/wp\/v2\/posts"}],"about":[{"href":"http:\/\/desarrollo.grupomedios.com\/futbol\/wp-json\/wp\/v2\/types\/post"}],"author":[{"embeddable":true,"href":"http:\/\/desarrollo.grupomedios.com\/futbol\/wp-json\/wp\/v2\/users\/20"}],"replies":[{"embeddable":true,"href":"http:\/\/desarrollo.grupomedios.com\/futbol\/wp-json\/wp\/v2\/comments?post=454922"}],"version-history":[{"count":0,"href":"http:\/\/desarrollo.grupomedios.com\/futbol\/wp-json\/wp\/v2\/posts\/454922\/revisions"}],"wp:featuredmedia":[{"embeddable":true,"href":"http:\/\/desarrollo.grupomedios.com\/futbol\/wp-json\/wp\/v2\/media\/440514"}],"wp:attachment":[{"href":"http:\/\/desarrollo.grupomedios.com\/futbol\/wp-json\/wp\/v2\/media?parent=454922"}],"wp:term":[{"taxonomy":"category","embeddable":true,"href":"http:\/\/desarrollo.grupomedios.com\/futbol\/wp-json\/wp\/v2\/categories?post=454922"},{"taxonomy":"post_tag","embeddable":true,"href":"http:\/\/desarrollo.grupomedios.com\/futbol\/wp-json\/wp\/v2\/tags?post=454922"}],"curies":[{"name":"wp","href":"https:\/\/api.w.org\/{rel}","templated":true}]}}