{"id":454934,"date":"2017-01-19T18:10:49","date_gmt":"2017-01-20T00:10:49","guid":{"rendered":"https:\/\/www.futboltotal.com.mx\/?p=454934"},"modified":"2017-01-19T18:10:49","modified_gmt":"2017-01-20T00:10:49","slug":"real-madrid-malaga-se-enfrentan-en-twitter","status":"publish","type":"post","link":"http:\/\/desarrollo.grupomedios.com\/futbol\/futbol-internacional\/real-madrid-malaga-se-enfrentan-en-twitter\/2017\/01","title":{"rendered":"Real Madrid y M\u00e1laga se enfrentan en Twitter"},"content":{"rendered":"<p>El pr\u00f3ximo s\u00e1bado Real Madrid y M\u00e1laga se ver\u00e1n las caras en el juego correspondiente a la jornada 19 de la Liga Espa\u00f1ola, en donde el conjunto blanco parte como el gran favorito para llevarse la victoria en el Santiago Bernab\u00e9u.<\/p>\n<p>La discusi\u00f3n comenz\u00f3 luego de que el Twitter oficial de los Merengues hiciera una encuesta para su seguidores en donde preguntaban si sab\u00edan cu\u00e1ntos goles hab\u00eda marcado Benzema al M\u00e1laga.<\/p>\n<p>&nbsp;<\/p>\n<blockquote class=\"twitter-tweet\" data-lang=\"es\">\n<p dir=\"ltr\" lang=\"es\">\u26bd\u261d\u2753<br \/>\n\u00bfSabr\u00edas decirnos cu\u00e1ntos goles ha marcado <a href=\"https:\/\/twitter.com\/Benzema\">@Benzema<\/a> al <a href=\"https:\/\/twitter.com\/MalagaCF\">@MalagaCF<\/a>?<a href=\"https:\/\/twitter.com\/hashtag\/HalaMadrid?src=hash\">#HalaMadrid<\/a><\/p>\n<p>\u2014 Real Madrid C. F. (@realmadrid) <a href=\"https:\/\/twitter.com\/realmadrid\/status\/822126442150510592\">19 de enero de 2017<\/a><\/p><\/blockquote>\n<p><script async src=\"\/\/platform.twitter.com\/widgets.js\" charset=\"utf-8\"><\/script><\/p>\n<p>El ex equipo de Guillermo Ochoa se molest\u00f3 con la cuenta del Real Madrid y no dud\u00f3 en responder, recordando al l\u00edder de la Liga que la temporada pasado el Gato no pudo hacerle gol a Carlos Kameni<\/p>\n<p>&nbsp;<\/p>\n<blockquote class=\"twitter-tweet\" data-lang=\"es\">\n<p dir=\"ltr\" lang=\"es\"><a href=\"https:\/\/twitter.com\/realmadrid\">@realmadrid<\/a> Sin contar la temporada pasada, \u00bfno? &#x1f61c; <a href=\"https:\/\/twitter.com\/hashtag\/VamosM%C3%A1laga?src=hash\">#VamosM\u00e1laga<\/a> <a href=\"https:\/\/twitter.com\/hashtag\/RealMadridM%C3%A1laga?src=hash\">#RealMadridM\u00e1laga<\/a> <a href=\"https:\/\/t.co\/79O1o37kf7\">pic.twitter.com\/79O1o37kf7<\/a><\/p>\n<p>\u2014 M\u00e1laga CF (@MalagaCF) <a href=\"https:\/\/twitter.com\/MalagaCF\/status\/822130829858107393\">19 de enero de 2017<\/a><\/p><\/blockquote>\n<p><script async src=\"\/\/platform.twitter.com\/widgets.js\" charset=\"utf-8\"><\/script><\/p>\n","protected":false},"excerpt":{"rendered":"<p>Los equipos protagonizaron una discusi\u00f3n en redes sociales.<\/p>\n","protected":false},"author":20,"featured_media":454938,"comment_status":"closed","ping_status":"closed","sticky":false,"template":"","format":"standard","meta":[],"categories":[5419,3839,3846],"tags":[306,5988],"_links":{"self":[{"href":"http:\/\/desarrollo.grupomedios.com\/futbol\/wp-json\/wp\/v2\/posts\/454934"}],"collection":[{"href":"http:\/\/desarrollo.grupomedios.com\/futbol\/wp-json\/wp\/v2\/posts"}],"about":[{"href":"http:\/\/desarrollo.grupomedios.com\/futbol\/wp-json\/wp\/v2\/types\/post"}],"author":[{"embeddable":true,"href":"http:\/\/desarrollo.grupomedios.com\/futbol\/wp-json\/wp\/v2\/users\/20"}],"replies":[{"embeddable":true,"href":"http:\/\/desarrollo.grupomedios.com\/futbol\/wp-json\/wp\/v2\/comments?post=454934"}],"version-history":[{"count":0,"href":"http:\/\/desarrollo.grupomedios.com\/futbol\/wp-json\/wp\/v2\/posts\/454934\/revisions"}],"wp:featuredmedia":[{"embeddable":true,"href":"http:\/\/desarrollo.grupomedios.com\/futbol\/wp-json\/wp\/v2\/media\/454938"}],"wp:attachment":[{"href":"http:\/\/desarrollo.grupomedios.com\/futbol\/wp-json\/wp\/v2\/media?parent=454934"}],"wp:term":[{"taxonomy":"category","embeddable":true,"href":"http:\/\/desarrollo.grupomedios.com\/futbol\/wp-json\/wp\/v2\/categories?post=454934"},{"taxonomy":"post_tag","embeddable":true,"href":"http:\/\/desarrollo.grupomedios.com\/futbol\/wp-json\/wp\/v2\/tags?post=454934"}],"curies":[{"name":"wp","href":"https:\/\/api.w.org\/{rel}","templated":true}]}}