{"id":454935,"date":"2017-01-19T18:07:25","date_gmt":"2017-01-20T00:07:25","guid":{"rendered":"https:\/\/www.futboltotal.com.mx\/?p=454935"},"modified":"2017-01-19T18:48:26","modified_gmt":"2017-01-20T00:48:26","slug":"edson-alvarez-nuevo-kaiser-la-volpe","status":"publish","type":"post","link":"http:\/\/desarrollo.grupomedios.com\/futbol\/destacado-home\/edson-alvarez-nuevo-kaiser-la-volpe\/2017\/01","title":{"rendered":"Edson \u00c1lvarez, es el nuevo K\u00e1iser: La Volpe"},"content":{"rendered":"<p>El director t\u00e9cnico del <a href=\"http:\/\/www.futboltotal.com.mx\/equipos\/america\/\" target=\"_blank\">Am\u00e9rica<\/a>, <strong>Ricardo Antonio La Volpe<\/strong>, elogi\u00f3 al defensor canterano, <strong>Edson \u00c1lvarez<\/strong>, a quien \u00e9l convirti\u00f3 en titular desde el Apertura 2016. El estratega argentino tiene buen ojo para el talento juvenil, as\u00ed lo ha demostrado con sus anteriores equipos o en su paso por la <a href=\"http:\/\/www.futboltotal.com.mx\/futbol-mexicano\/seleccion-mexicana\/\" target=\"_blank\">Selecci\u00f3n Mexicana<\/a>, donde llev\u00f3 sorpresivamente a Andr\u00e9s Guardado al Mundial de Alemania 2006, donde el <em>Principito<\/em> sobresali\u00f3.<\/p>\n<p>\u201c<strong>Edson \u00c1lvarez<\/strong> es un central espectacular, porque no s\u00f3lo marca, me da salida, pasa a volante de contenciones jugador como Franz Beckenbauer. Son jugadores que no puedo tapar y tampoco por traer a <em>equis<\/em> lo dejas\u201d, indic\u00f3 <strong>Ricardo La Volpe<\/strong>, en entrevista con la cadena <em>ESPN<\/em>.<\/p>\n<p>Por otro lado, el estratega del <strong>Am\u00e9rica<\/strong> se\u00f1ala que hacen falta oportunidades para los futbolistas mexicanos, debido a que la experiencia es la que provoca que aumenten de nivel, y ya que hay pocos minutos para los nacidos en M\u00e9xico, por eso hay estancamiento.<\/p>\n<p style=\"text-align: center;\"><span style=\"color: #3366ff;\"><a style=\"color: #3366ff;\" href=\"https:\/\/www.futboltotal.com.mx\/2017\/01\/jugue-america-vs-chivas-se-compara-al-boca-vs-river-benedetto\/\" target=\"_blank\"><strong>LEER M\u00c1S: Benedetto denigra al futbol mexicano<\/strong><\/a><\/span><\/p>\n<p>\u201cAl jugador mexicano le falta pulir. Falta el oficio. Un abogado que se recibe no est\u00e1 para un juicio. Sabe las leyes, pero no el oficio y primero va a un estudio y aprende y se hace. El jugador y la captaci\u00f3n es b\u00e1rbara y hay que pulir lo que es el oficio. Pasan del llano al profesionalismo\u201d, a\u00f1adi\u00f3.<\/p>\n<p><strong>S\u00edguenos en Twitter:<\/strong> <a href=\"https:\/\/twitter.com\/MXFutbolTotal\" target=\"_blank\">@MXFutbolTotal<\/a><\/p>\n","protected":false},"excerpt":{"rendered":"<p>El estratega del Am\u00e9rica presume la clase que tiene el canterano azulcrema.<\/p>\n","protected":false},"author":20,"featured_media":454937,"comment_status":"closed","ping_status":"closed","sticky":false,"template":"","format":"standard","meta":[],"categories":[5,2198,3845],"tags":[5959,7939,767],"_links":{"self":[{"href":"http:\/\/desarrollo.grupomedios.com\/futbol\/wp-json\/wp\/v2\/posts\/454935"}],"collection":[{"href":"http:\/\/desarrollo.grupomedios.com\/futbol\/wp-json\/wp\/v2\/posts"}],"about":[{"href":"http:\/\/desarrollo.grupomedios.com\/futbol\/wp-json\/wp\/v2\/types\/post"}],"author":[{"embeddable":true,"href":"http:\/\/desarrollo.grupomedios.com\/futbol\/wp-json\/wp\/v2\/users\/20"}],"replies":[{"embeddable":true,"href":"http:\/\/desarrollo.grupomedios.com\/futbol\/wp-json\/wp\/v2\/comments?post=454935"}],"version-history":[{"count":0,"href":"http:\/\/desarrollo.grupomedios.com\/futbol\/wp-json\/wp\/v2\/posts\/454935\/revisions"}],"wp:featuredmedia":[{"embeddable":true,"href":"http:\/\/desarrollo.grupomedios.com\/futbol\/wp-json\/wp\/v2\/media\/454937"}],"wp:attachment":[{"href":"http:\/\/desarrollo.grupomedios.com\/futbol\/wp-json\/wp\/v2\/media?parent=454935"}],"wp:term":[{"taxonomy":"category","embeddable":true,"href":"http:\/\/desarrollo.grupomedios.com\/futbol\/wp-json\/wp\/v2\/categories?post=454935"},{"taxonomy":"post_tag","embeddable":true,"href":"http:\/\/desarrollo.grupomedios.com\/futbol\/wp-json\/wp\/v2\/tags?post=454935"}],"curies":[{"name":"wp","href":"https:\/\/api.w.org\/{rel}","templated":true}]}}