{"id":454947,"date":"2017-01-19T19:33:47","date_gmt":"2017-01-20T01:33:47","guid":{"rendered":"https:\/\/www.futboltotal.com.mx\/?p=454947"},"modified":"2017-01-19T19:33:47","modified_gmt":"2017-01-20T01:33:47","slug":"ratifican-suspension-a-gabriel-penalba","status":"publish","type":"post","link":"http:\/\/desarrollo.grupomedios.com\/futbol\/futbol-mexicano\/ratifican-suspension-a-gabriel-penalba\/2017\/01","title":{"rendered":"\u00a1Ratifican suspensi\u00f3n a Gabriel Pe\u00f1alba!"},"content":{"rendered":"<p>La Federaci\u00f3n Mexicana de Futbol emiti\u00f3 un comunicado donde dio a conocer que la apelaci\u00f3n presentada por el <strong>Cruz Azul<\/strong>, para revocar la suspensi\u00f3n que le fue impuesta a <strong>Gabriel Pe\u00f1alba<\/strong>, fue rechazada.<\/p>\n<p><strong>Gabriel Pe\u00f1alba<\/strong> no se salvar\u00e1 de la suspensi\u00f3n impuesta tras el escupitajo que lanz\u00f3 durante el partido entre Pumas y <strong>Cruz Azul<\/strong>, del pasado domingo 15 de enero, debido a que la Comisi\u00f3n de Apelaciones no encontr\u00f3 pruebas suficientes para revocar la petici\u00f3n <em>cementera<\/em>.<\/p>\n<p style=\"text-align: center;\"><span style=\"color: #3366ff;\"><a style=\"color: #3366ff;\" href=\"https:\/\/www.futboltotal.com.mx\/2017\/01\/chiapas-demandado-ante-fifa-adeudos\/\" target=\"_blank\"><strong>LEER M\u00c1S: Chiapas, demandado ante FIFA por adeudos<\/strong><\/a><\/span><\/p>\n<p>\u201cLuego de analizar a detalle las pruebas presentadas por el Club Cruz Azul, se determin\u00f3 improcedente dicha apelaci\u00f3n y ratifica la sanci\u00f3n impuesta por la Comisi\u00f3n Disciplinaria. Por tanto, el jugador Gabriel Mart\u00edn Pe\u00f1alba no podr\u00e1 participar en el siguiente partido con su equipo\u201d, indic\u00f3 la Comisi\u00f3n de Apelaciones de la Liga MX, en comunicado oficial.<\/p>\n<p><strong>S\u00edguenos en Twitter<\/strong>: <a href=\"https:\/\/twitter.com\/MXFutbolTotal\" target=\"_blank\">@MXFutbolTotal<\/a><\/p>\n","protected":false},"excerpt":{"rendered":"<p>Liga MX rechaza apelaci\u00f3n de Cruz Azul para revocar la sanci\u00f3n del mediocampista.<\/p>\n","protected":false},"author":20,"featured_media":454948,"comment_status":"closed","ping_status":"closed","sticky":false,"template":"","format":"standard","meta":[],"categories":[2198,3845],"tags":[5962,7809],"_links":{"self":[{"href":"http:\/\/desarrollo.grupomedios.com\/futbol\/wp-json\/wp\/v2\/posts\/454947"}],"collection":[{"href":"http:\/\/desarrollo.grupomedios.com\/futbol\/wp-json\/wp\/v2\/posts"}],"about":[{"href":"http:\/\/desarrollo.grupomedios.com\/futbol\/wp-json\/wp\/v2\/types\/post"}],"author":[{"embeddable":true,"href":"http:\/\/desarrollo.grupomedios.com\/futbol\/wp-json\/wp\/v2\/users\/20"}],"replies":[{"embeddable":true,"href":"http:\/\/desarrollo.grupomedios.com\/futbol\/wp-json\/wp\/v2\/comments?post=454947"}],"version-history":[{"count":0,"href":"http:\/\/desarrollo.grupomedios.com\/futbol\/wp-json\/wp\/v2\/posts\/454947\/revisions"}],"wp:featuredmedia":[{"embeddable":true,"href":"http:\/\/desarrollo.grupomedios.com\/futbol\/wp-json\/wp\/v2\/media\/454948"}],"wp:attachment":[{"href":"http:\/\/desarrollo.grupomedios.com\/futbol\/wp-json\/wp\/v2\/media?parent=454947"}],"wp:term":[{"taxonomy":"category","embeddable":true,"href":"http:\/\/desarrollo.grupomedios.com\/futbol\/wp-json\/wp\/v2\/categories?post=454947"},{"taxonomy":"post_tag","embeddable":true,"href":"http:\/\/desarrollo.grupomedios.com\/futbol\/wp-json\/wp\/v2\/tags?post=454947"}],"curies":[{"name":"wp","href":"https:\/\/api.w.org\/{rel}","templated":true}]}}