{"id":454954,"date":"2017-01-19T20:50:55","date_gmt":"2017-01-20T02:50:55","guid":{"rendered":"https:\/\/www.futboltotal.com.mx\/?p=454954"},"modified":"2017-01-19T20:53:54","modified_gmt":"2017-01-20T02:53:54","slug":"paola-espinosa-comparte-importante-noticia","status":"publish","type":"post","link":"http:\/\/desarrollo.grupomedios.com\/futbol\/no-todo-es-futbol\/paola-espinosa-comparte-importante-noticia\/2017\/01","title":{"rendered":"\u00a1Paola Espinosa comparte importante noticia!"},"content":{"rendered":"<p><strong>Paola Espinosa<\/strong> dio a conocer una importante noticia a nivel personal, pues ella y su pareja, el tambi\u00e9n clavadista <strong>Iv\u00e1n Garc\u00eda<\/strong>, se convertir\u00e1n en padres pr\u00f3ximamente. A trav\u00e9s de sus redes sociales, ambos atletas mexicanos dieron a conocer el feliz acontecimiento.<\/p>\n<p>https:\/\/twitter.com\/PaolaEspinosaOf\/status\/822251588978765824<\/p>\n<p><strong>Paola Espinosa<\/strong> tendr\u00e1 que dejar los clavados en 2017, cuando su embarazo llegue a un estado, en el que no pueda realizar actividad de alto rendimiento, probablemente esa situaci\u00f3n sea la raz\u00f3n por la que ella no ha dado a conocer a\u00fan qui\u00e9n ser\u00e1 su entrenador para el siguiente proceso Ol\u00edmpico.<\/p>\n<p style=\"text-align: center;\"><span style=\"color: #3366ff;\"><a style=\"color: #3366ff;\" href=\"https:\/\/www.futboltotal.com.mx\/2017\/01\/mexicano-sufre-racismo-competir-en-nascar\/\" target=\"_blank\"><strong>LEER M\u00c1S: Mexicano sufre de racismo en NASCAR<\/strong><\/a><\/span><\/p>\n<p>Aunque <strong>Paola Espinosa<\/strong> tendr\u00e1 que suspender su actividad atl\u00e9tica en alg\u00fan punto del a\u00f1o, a\u00fan no se puede anticipar que la clavadista se retire, pues con 30 a\u00f1os, todav\u00eda se le ha mostrado con la ambici\u00f3n de competir una vez m\u00e1s en unos Juegos Ol\u00edmpicos.<\/p>\n<p><a href=\"https:\/\/www.futboltotal.com.mx\/wp-content\/uploads\/2017\/01\/twitter-ivan-garcia-y-paola-espinosa.jpg\"><img decoding=\"async\" loading=\"lazy\" class=\"alignnone size-full wp-image-454955\" src=\"https:\/\/www.futboltotal.com.mx\/wp-content\/uploads\/2017\/01\/twitter-ivan-garcia-y-paola-espinosa.jpg\" alt=\"twitter-ivan-garcia-y-paola-espinosa\" srcset=\"http:\/\/desarrollo.grupomedios.com\/futbol\/wp-content\/uploads\/2017\/01\/twitter-ivan-garcia-y-paola-espinosa.jpg 1136w, http:\/\/desarrollo.grupomedios.com\/futbol\/wp-content\/uploads\/2017\/01\/twitter-ivan-garcia-y-paola-espinosa-300x169.jpg 300w, http:\/\/desarrollo.grupomedios.com\/futbol\/wp-content\/uploads\/2017\/01\/twitter-ivan-garcia-y-paola-espinosa-768x432.jpg 768w, http:\/\/desarrollo.grupomedios.com\/futbol\/wp-content\/uploads\/2017\/01\/twitter-ivan-garcia-y-paola-espinosa-1024x576.jpg 1024w, http:\/\/desarrollo.grupomedios.com\/futbol\/wp-content\/uploads\/2017\/01\/twitter-ivan-garcia-y-paola-espinosa-317x178.jpg 317w, http:\/\/desarrollo.grupomedios.com\/futbol\/wp-content\/uploads\/2017\/01\/twitter-ivan-garcia-y-paola-espinosa-535x301.jpg 535w, http:\/\/desarrollo.grupomedios.com\/futbol\/wp-content\/uploads\/2017\/01\/twitter-ivan-garcia-y-paola-espinosa-374x210.jpg 374w\" sizes=\"(max-width: 1136px) 100vw, 1136px\" \/><\/a><\/p>\n<p><strong>S\u00edguenos en Twitter<\/strong>: <a href=\"https:\/\/twitter.com\/MXFutbolTotal\" target=\"_blank\">@MXFutbolTotal<\/a><\/p>\n","protected":false},"excerpt":{"rendered":"<p>La clavadista tendr\u00e1 que suspender su actividad atl\u00e9tica en 2017.<\/p>\n","protected":false},"author":20,"featured_media":454956,"comment_status":"closed","ping_status":"closed","sticky":false,"template":"","format":"standard","meta":[],"categories":[5418,6411],"tags":[5461],"_links":{"self":[{"href":"http:\/\/desarrollo.grupomedios.com\/futbol\/wp-json\/wp\/v2\/posts\/454954"}],"collection":[{"href":"http:\/\/desarrollo.grupomedios.com\/futbol\/wp-json\/wp\/v2\/posts"}],"about":[{"href":"http:\/\/desarrollo.grupomedios.com\/futbol\/wp-json\/wp\/v2\/types\/post"}],"author":[{"embeddable":true,"href":"http:\/\/desarrollo.grupomedios.com\/futbol\/wp-json\/wp\/v2\/users\/20"}],"replies":[{"embeddable":true,"href":"http:\/\/desarrollo.grupomedios.com\/futbol\/wp-json\/wp\/v2\/comments?post=454954"}],"version-history":[{"count":0,"href":"http:\/\/desarrollo.grupomedios.com\/futbol\/wp-json\/wp\/v2\/posts\/454954\/revisions"}],"wp:featuredmedia":[{"embeddable":true,"href":"http:\/\/desarrollo.grupomedios.com\/futbol\/wp-json\/wp\/v2\/media\/454956"}],"wp:attachment":[{"href":"http:\/\/desarrollo.grupomedios.com\/futbol\/wp-json\/wp\/v2\/media?parent=454954"}],"wp:term":[{"taxonomy":"category","embeddable":true,"href":"http:\/\/desarrollo.grupomedios.com\/futbol\/wp-json\/wp\/v2\/categories?post=454954"},{"taxonomy":"post_tag","embeddable":true,"href":"http:\/\/desarrollo.grupomedios.com\/futbol\/wp-json\/wp\/v2\/tags?post=454954"}],"curies":[{"name":"wp","href":"https:\/\/api.w.org\/{rel}","templated":true}]}}