{"id":454976,"date":"2017-01-20T10:01:19","date_gmt":"2017-01-20T16:01:19","guid":{"rendered":"https:\/\/www.futboltotal.com.mx\/?p=454976"},"modified":"2017-01-20T10:06:57","modified_gmt":"2017-01-20T16:06:57","slug":"matias-almeyda-asegura-nunca-dirigiria-al-america","status":"publish","type":"post","link":"http:\/\/desarrollo.grupomedios.com\/futbol\/destacado-home\/matias-almeyda-asegura-nunca-dirigiria-al-america\/2017\/01","title":{"rendered":"Mat\u00edas Almeyda asegura que nunca dirigir\u00eda al Am\u00e9rica"},"content":{"rendered":"<p>Luego de hacer unas pol\u00e9micas declaraciones con las que se ech\u00f3 encima a <strong>Miguel Herrera<\/strong>, el argentino <strong>Mat\u00edas Almeyda<\/strong> sigue por la misma l\u00ednea, ahora apuntando al archirrival de sus <strong>Chivas<\/strong>.<\/p>\n<p>El entrenador del <em>Reba\u00f1o,<\/em> en entrevista con ESPN, descart\u00f3 rotundamente que en alg\u00fan futuro aceptara ser el t\u00e9cnico del <strong>Am\u00e9rica<\/strong>.<\/p>\n<p>&#8220;A Chivas lo quiero, lo tengo ya en mi coraz\u00f3n&#8230;no (dirigir\u00eda al <strong>Am\u00e9rica<\/strong>), tengo principios, no creo que me identifique desde un lugar a otro tan r\u00e1pido por como soy yo, como nunca dirigir\u00e9 a <strong>Boca<\/strong> (&#8230;)\u00a0Quiero ganarle siempre (al Am\u00e9rica), si puedo pisarlos los voy a pisar, pero los respeto&#8221;, declar\u00f3 el <em>Pelado<\/em>.<\/p>\n<p style=\"text-align: center;\"><a href=\"https:\/\/www.futboltotal.com.mx\/2017\/01\/miguel-herrera-le-responde-a-matias-almeyda\/\">VER M\u00c1S: MIGUEL HERRERA LE RESPONDE A MAT\u00cdAS ALMEYDA<\/a><\/p>\n<p>Almeyda no perdi\u00f3 la oportunidad para volver a tocar el tema que caus\u00f3 la molestia de personajes como el Piojo Herrera, la falta de oportunidades a los j\u00f3venes futbolistas en la Liga MX.<\/p>\n<p>&#8220;Da\u00f1a al futbol mexicano, a su selecci\u00f3n, a las promesas que van saliendo. El futbol mexicano de inferiores es protagonista a nivel mundial. Despu\u00e9s hay un corte&#8221;, mencion\u00f3.<\/p>\n<p>Adem\u00e1s, el entrenador sudamericano toc\u00f3 el tema del fugaz paso del mediocampista Carlos Pe\u00f1a por las Chivas, ahora ya de vuelta con el Le\u00f3n pero que al parecer en el campo dej\u00f3 una deuda con el argentino.<\/p>\n<p>&#8220;Le tengo un gran afecto al <em>Gullit<\/em>. Futbol\u00edsticamente no cubri\u00f3 las expectativas que ten\u00edamos por \u00e9l&#8221;, consider\u00f3.<\/p>\n<p style=\"text-align: center;\"><a href=\"https:\/\/www.futboltotal.com.mx\/2017\/01\/numero-usara-cecilio-dominguez-america\/\">VER M\u00c1S: EL N\u00daMERO QUE USAR\u00c1 CECILIO DOM\u00cdNGUEZ CON EL AM\u00c9RICA<\/a><\/p>\n<p class=\"p1\"><span class=\"s1\"><b>S\u00edguenos en Twitter<\/b>:\u00a0<a href=\"https:\/\/twitter.com\/MXFutbolTotal\"><span class=\"s2\">@MXFutbolTotal<\/span><\/a><\/span><\/p>\n","protected":false},"excerpt":{"rendered":"<p>El director t\u00e9cnico del Reba\u00f1o mostr\u00f3 lealtad a los rojiblancos.<\/p>\n","protected":false},"author":20,"featured_media":453249,"comment_status":"closed","ping_status":"closed","sticky":false,"template":"","format":"standard","meta":[],"categories":[5,2198,3845],"tags":[1585,7192,5959,70,7732,5963,64,1420,387],"_links":{"self":[{"href":"http:\/\/desarrollo.grupomedios.com\/futbol\/wp-json\/wp\/v2\/posts\/454976"}],"collection":[{"href":"http:\/\/desarrollo.grupomedios.com\/futbol\/wp-json\/wp\/v2\/posts"}],"about":[{"href":"http:\/\/desarrollo.grupomedios.com\/futbol\/wp-json\/wp\/v2\/types\/post"}],"author":[{"embeddable":true,"href":"http:\/\/desarrollo.grupomedios.com\/futbol\/wp-json\/wp\/v2\/users\/20"}],"replies":[{"embeddable":true,"href":"http:\/\/desarrollo.grupomedios.com\/futbol\/wp-json\/wp\/v2\/comments?post=454976"}],"version-history":[{"count":0,"href":"http:\/\/desarrollo.grupomedios.com\/futbol\/wp-json\/wp\/v2\/posts\/454976\/revisions"}],"wp:featuredmedia":[{"embeddable":true,"href":"http:\/\/desarrollo.grupomedios.com\/futbol\/wp-json\/wp\/v2\/media\/453249"}],"wp:attachment":[{"href":"http:\/\/desarrollo.grupomedios.com\/futbol\/wp-json\/wp\/v2\/media?parent=454976"}],"wp:term":[{"taxonomy":"category","embeddable":true,"href":"http:\/\/desarrollo.grupomedios.com\/futbol\/wp-json\/wp\/v2\/categories?post=454976"},{"taxonomy":"post_tag","embeddable":true,"href":"http:\/\/desarrollo.grupomedios.com\/futbol\/wp-json\/wp\/v2\/tags?post=454976"}],"curies":[{"name":"wp","href":"https:\/\/api.w.org\/{rel}","templated":true}]}}