{"id":455011,"date":"2017-01-20T14:36:46","date_gmt":"2017-01-20T20:36:46","guid":{"rendered":"https:\/\/www.futboltotal.com.mx\/?p=455011"},"modified":"2017-01-20T14:38:11","modified_gmt":"2017-01-20T20:38:11","slug":"el-matador-luis-hernandez-idolo-del-futbol-mexicano","status":"publish","type":"post","link":"http:\/\/desarrollo.grupomedios.com\/futbol\/videos\/el-matador-luis-hernandez-idolo-del-futbol-mexicano\/2017\/01","title":{"rendered":"Luis El Matador Hern\u00e1ndez, un \u00eddolo del futbol mexicano"},"content":{"rendered":"<p>Luis Hern\u00e1ndez, mejor conocido como <em>El Matador<\/em>, naci\u00f3 el 22 de diciembre de 1968. Si bien en el futbol profesional debut\u00f3 con el Cruz Azul, fue con el Necaxa en donde tuvo su \u00e9poca de mayor explendor al hacer sociedades con jugadores como Ivo Basay, Alex Aguinaga o Ricardo Pel\u00e1ez, entre otros.<\/p>\n<p style=\"text-align: center;\"><a href=\"https:\/\/www.futboltotal.com.mx\/2017\/01\/chelito-delgado-confiesa-deseo-de-volver-a-cruz-azul\/\"><span style=\"color: #3366ff;\">LEER M\u00c1S: Chelito Delgado confiesa deseo de volver a Cruz Azul<\/span><\/a><\/p>\n<p>Se caracterizaba por su facilidad para desbordar por las bandas y para meterse al \u00e1rea, cualidades que tambi\u00e9n explot\u00f3 con la Selecci\u00f3n Mexicana, con la cual tan solo en el Mundial de 1998 anot\u00f3 cuatro goles para convertirse en el jugador mexicano con m\u00e1s anotaciones en este tipo de torneos.<\/p>\n<p>Con el <em>Tri<\/em> jug\u00f3 entre 1995 y 2002, lapso en el cual disput\u00f3 85 partidos y anot\u00f3 35 goles. Jug\u00f3 un partido en la Copa Confederaciones de 1999 ganado por M\u00e9xico. Por su entrega y calidad fue uno de los l\u00edderes del equipo mexicano.<br \/>\n[video_player]https:\/\/player.vimeo.com\/external\/200383997.hd.mp4?s=10963bc067a3718e7303cb40a28c0d3f3dc311a0&amp;profile_id=119|wide [\/video_player]<\/p>\n<p style=\"text-align: center;\"><a href=\"https:\/\/www.futboltotal.com.mx\/2017\/01\/nuevo-refuerzo-costarricense-america-gerson-torres-llego-mexico\/\"><span style=\"color: #3366ff;\">LEER M\u00c1S: El nuevo refuerzo costarricense del Am\u00e9rica lleg\u00f3 a M\u00e9xico<\/span><\/a><\/p>\n<p><a href=\"http:\/\/www.kicktv.com\/\" target=\"_blank\">Video cortes\u00eda de KickT<\/a>v | <a href=\"https:\/\/twitter.com\/KICK\" target=\"_blank\">Twitter de Kick<\/a> | <a href=\"https:\/\/www.facebook.com\/kick\/\" target=\"_blank\">Facebook Kick<\/a><\/p>\n<p><strong>S\u00edguenos en Twitter:<\/strong> <a href=\"https:\/\/twitter.com\/MXFutbolTotal\" target=\"_blank\">@MXFutbolTotal<\/a><\/p>\n<p style=\"text-align: left;\">\n","protected":false},"excerpt":{"rendered":"<p>Anot\u00f3 cuatro goles en el Mundial de 1998, dos de ellos a Corea del Sur.<\/p>\n","protected":false},"author":20,"featured_media":455015,"comment_status":"closed","ping_status":"closed","sticky":false,"template":"","format":"standard","meta":[],"categories":[2198,3847,4],"tags":[5962,2113,65,261],"_links":{"self":[{"href":"http:\/\/desarrollo.grupomedios.com\/futbol\/wp-json\/wp\/v2\/posts\/455011"}],"collection":[{"href":"http:\/\/desarrollo.grupomedios.com\/futbol\/wp-json\/wp\/v2\/posts"}],"about":[{"href":"http:\/\/desarrollo.grupomedios.com\/futbol\/wp-json\/wp\/v2\/types\/post"}],"author":[{"embeddable":true,"href":"http:\/\/desarrollo.grupomedios.com\/futbol\/wp-json\/wp\/v2\/users\/20"}],"replies":[{"embeddable":true,"href":"http:\/\/desarrollo.grupomedios.com\/futbol\/wp-json\/wp\/v2\/comments?post=455011"}],"version-history":[{"count":0,"href":"http:\/\/desarrollo.grupomedios.com\/futbol\/wp-json\/wp\/v2\/posts\/455011\/revisions"}],"wp:featuredmedia":[{"embeddable":true,"href":"http:\/\/desarrollo.grupomedios.com\/futbol\/wp-json\/wp\/v2\/media\/455015"}],"wp:attachment":[{"href":"http:\/\/desarrollo.grupomedios.com\/futbol\/wp-json\/wp\/v2\/media?parent=455011"}],"wp:term":[{"taxonomy":"category","embeddable":true,"href":"http:\/\/desarrollo.grupomedios.com\/futbol\/wp-json\/wp\/v2\/categories?post=455011"},{"taxonomy":"post_tag","embeddable":true,"href":"http:\/\/desarrollo.grupomedios.com\/futbol\/wp-json\/wp\/v2\/tags?post=455011"}],"curies":[{"name":"wp","href":"https:\/\/api.w.org\/{rel}","templated":true}]}}