{"id":455012,"date":"2017-01-20T14:14:19","date_gmt":"2017-01-20T20:14:19","guid":{"rendered":"https:\/\/www.futboltotal.com.mx\/?p=455012"},"modified":"2017-01-20T14:14:19","modified_gmt":"2017-01-20T20:14:19","slug":"nahuel-guzman-baja-tigres-enfrentar-america","status":"publish","type":"post","link":"http:\/\/desarrollo.grupomedios.com\/futbol\/futbol-mexicano\/nahuel-guzman-baja-tigres-enfrentar-america\/2017\/01","title":{"rendered":"Nahuel Guzm\u00e1n es baja con Tigres para enfrentar al Am\u00e9rica"},"content":{"rendered":"<p>Hay malas noticias para Tigres de cara a su partido de la fecha 3 del <strong>Clausura 2017<\/strong> ante el <strong>Am\u00e9rica<\/strong>, ya que no podr\u00e1 contar con el arquero argentino <strong>Nahuel Guzm\u00e1n<\/strong> debido a una fisura.<\/p>\n<p>&#8220;Nahuel Guzm\u00e1n\u00a0sufri\u00f3 esta ma\u00f1ana fisura de la cabeza del quinto metatarsiano izquierdo, por lo que queda descartado para jugar vs. Am\u00e9rica.\u00a0Se valorar\u00e1 en las pr\u00f3ximas horas qu\u00e9 procedimiento se seguir\u00e1 para la recuperaci\u00f3n de la lesi\u00f3n&#8221;, fue lo publicado en redes sociales.<\/p>\n<p>&nbsp;<\/p>\n<blockquote class=\"twitter-tweet\" data-lang=\"es\">\n<p dir=\"ltr\" lang=\"es\">&#8211;<a href=\"https:\/\/twitter.com\/PatonGuzman\">@PatonGuzman<\/a> sufri\u00f3 esta ma\u00f1ana fisura de la cabeza del quinto metatarsiano izquierdo, por lo que queda descartado para jugar vs Am\u00e9rica.<\/p>\n<p>\u2014 CLUB TIGRES OFICIAL (@TigresOficial) <a href=\"https:\/\/twitter.com\/TigresOficial\/status\/822521636792332288\">20 de enero de 2017<\/a><\/p><\/blockquote>\n<p><script async src=\"\/\/platform.twitter.com\/widgets.js\" charset=\"utf-8\"><\/script><\/p>\n<p>&nbsp;<\/p>\n<blockquote class=\"twitter-tweet\" data-lang=\"es\">\n<p dir=\"ltr\" lang=\"es\">Se valorar\u00e1 en las pr\u00f3ximas horas qu\u00e9 procedimiento se seguir\u00e1 para la recuperaci\u00f3n de la lesi\u00f3n de <a href=\"https:\/\/twitter.com\/PatonGuzman\">@PatonGuzman<\/a>.<\/p>\n<p>\u2014 CLUB TIGRES OFICIAL (@TigresOficial) <a href=\"https:\/\/twitter.com\/TigresOficial\/status\/822521855181365248\">20 de enero de 2017<\/a><\/p><\/blockquote>\n<p><script async src=\"\/\/platform.twitter.com\/widgets.js\" charset=\"utf-8\"><\/script><\/p>\n<p>Los servicios m\u00e9dicos de los felinos valorar\u00e1n al <em>Pat\u00f3n<\/em>\u00a0para definir el proceso a seguir en favor de su recuperaci\u00f3n.<\/p>\n<p class=\"p1\"><span class=\"s1\"><b>S\u00edguenos en Twitter<\/b>:\u00a0<a href=\"https:\/\/twitter.com\/MXFutbolTotal\"><span class=\"s2\">@MXFutbolTotal<\/span><\/a><\/span><\/p>\n","protected":false},"excerpt":{"rendered":"<p>Los servicios m\u00e9dicos de los felinos valorar\u00e1n al portero argentino.<\/p>\n","protected":false},"author":20,"featured_media":413959,"comment_status":"closed","ping_status":"closed","sticky":false,"template":"","format":"standard","meta":[],"categories":[2198,3845],"tags":[1585,5959,7732,64,7870,6129,8063,8064,5973],"_links":{"self":[{"href":"http:\/\/desarrollo.grupomedios.com\/futbol\/wp-json\/wp\/v2\/posts\/455012"}],"collection":[{"href":"http:\/\/desarrollo.grupomedios.com\/futbol\/wp-json\/wp\/v2\/posts"}],"about":[{"href":"http:\/\/desarrollo.grupomedios.com\/futbol\/wp-json\/wp\/v2\/types\/post"}],"author":[{"embeddable":true,"href":"http:\/\/desarrollo.grupomedios.com\/futbol\/wp-json\/wp\/v2\/users\/20"}],"replies":[{"embeddable":true,"href":"http:\/\/desarrollo.grupomedios.com\/futbol\/wp-json\/wp\/v2\/comments?post=455012"}],"version-history":[{"count":0,"href":"http:\/\/desarrollo.grupomedios.com\/futbol\/wp-json\/wp\/v2\/posts\/455012\/revisions"}],"wp:featuredmedia":[{"embeddable":true,"href":"http:\/\/desarrollo.grupomedios.com\/futbol\/wp-json\/wp\/v2\/media\/413959"}],"wp:attachment":[{"href":"http:\/\/desarrollo.grupomedios.com\/futbol\/wp-json\/wp\/v2\/media?parent=455012"}],"wp:term":[{"taxonomy":"category","embeddable":true,"href":"http:\/\/desarrollo.grupomedios.com\/futbol\/wp-json\/wp\/v2\/categories?post=455012"},{"taxonomy":"post_tag","embeddable":true,"href":"http:\/\/desarrollo.grupomedios.com\/futbol\/wp-json\/wp\/v2\/tags?post=455012"}],"curies":[{"name":"wp","href":"https:\/\/api.w.org\/{rel}","templated":true}]}}