{"id":455024,"date":"2017-01-20T16:21:25","date_gmt":"2017-01-20T22:21:25","guid":{"rendered":"https:\/\/www.futboltotal.com.mx\/?p=455024"},"modified":"2017-01-20T16:26:57","modified_gmt":"2017-01-20T22:26:57","slug":"jorge-vergara-da-a-conocer-postura-tras-toma-protesta-donald-trump","status":"publish","type":"post","link":"http:\/\/desarrollo.grupomedios.com\/futbol\/cambio-de-juego\/jorge-vergara-da-a-conocer-postura-tras-toma-protesta-donald-trump\/2017\/01","title":{"rendered":"Vergara comparte su postura, tras toma de protesta de Trump"},"content":{"rendered":"<p>El empresario mexicano,<strong> Jorge Vergara<\/strong>, envi\u00f3 un mensaje a trav\u00e9s de sus redes sociales, tras la toma de protesta de <strong>Donald Trump<\/strong>, como nuevo presidente de los Estados Unidos. El due\u00f1o del <em>Reba\u00f1o Sagrado<\/em> piensa que la sucesi\u00f3n presidencial del pa\u00eds vecino, abre una oportunidad para M\u00e9xico.<\/p>\n<p>La postura de <strong>Donald Trump<\/strong> sobre cancelar los proyectos de empresas estadunidenses en M\u00e9xico, u otras iniciativas para distanciar econ\u00f3micamente a los dos pa\u00edses; son consideradas por <strong>Jorge Vergara<\/strong>, como una oportunidad para que el pa\u00eds crezca con lo que produce a nivel local.<\/p>\n<p>\u201cNuestra causa: M\u00e9xico. Bienvenida la gran oportunidad por el cambio presidencial. Momento de creer y crecer en nuestro mercado y promover nuestras exportaciones. Dejar la comodidad y ponernos a trabajar. Un\u00e1monos&#8221;, explic\u00f3 <strong>Jorge Vergara<\/strong> en su cuenta de Twitter.<\/p>\n<p style=\"text-align: center;\"><span style=\"color: #3366ff;\"><a style=\"color: #3366ff;\" href=\"https:\/\/www.futboltotal.com.mx\/2017\/01\/alan-pulido-va-titulo-goleo-del-clausura-2017\/\" target=\"_blank\"><strong>LEER M\u00c1S: Alan Pulido quiere t\u00edtulo de goleo del Clausura 2017<\/strong><\/a><\/span><\/p>\n<blockquote class=\"twitter-tweet\" data-lang=\"es\">\n<p dir=\"ltr\" lang=\"es\">Nuestra causa: M\u00e9xico <a href=\"https:\/\/t.co\/QlCVGldgq9\">pic.twitter.com\/QlCVGldgq9<\/a><\/p>\n<p>\u2014 Jorge Vergara M. (@jorgevergara) <a href=\"https:\/\/twitter.com\/jorgevergara\/status\/822524723569430528\">20 de enero de 2017<\/a><\/p><\/blockquote>\n<p><script async src=\"\/\/platform.twitter.com\/widgets.js\" charset=\"utf-8\"><\/script><\/p>\n<p><strong>S\u00edguenos en Twitter<\/strong>: <a href=\"https:\/\/twitter.com\/MXFutbolTotal\" target=\"_blank\">@MXFutbolTotal<\/a><\/p>\n","protected":false},"excerpt":{"rendered":"<p>El empresario hace de lado al futbol para mostrar solidaridad con su pa\u00eds.<\/p>\n","protected":false},"author":20,"featured_media":455025,"comment_status":"closed","ping_status":"closed","sticky":false,"template":"","format":"standard","meta":[],"categories":[5419],"tags":[5460,243],"_links":{"self":[{"href":"http:\/\/desarrollo.grupomedios.com\/futbol\/wp-json\/wp\/v2\/posts\/455024"}],"collection":[{"href":"http:\/\/desarrollo.grupomedios.com\/futbol\/wp-json\/wp\/v2\/posts"}],"about":[{"href":"http:\/\/desarrollo.grupomedios.com\/futbol\/wp-json\/wp\/v2\/types\/post"}],"author":[{"embeddable":true,"href":"http:\/\/desarrollo.grupomedios.com\/futbol\/wp-json\/wp\/v2\/users\/20"}],"replies":[{"embeddable":true,"href":"http:\/\/desarrollo.grupomedios.com\/futbol\/wp-json\/wp\/v2\/comments?post=455024"}],"version-history":[{"count":0,"href":"http:\/\/desarrollo.grupomedios.com\/futbol\/wp-json\/wp\/v2\/posts\/455024\/revisions"}],"wp:featuredmedia":[{"embeddable":true,"href":"http:\/\/desarrollo.grupomedios.com\/futbol\/wp-json\/wp\/v2\/media\/455025"}],"wp:attachment":[{"href":"http:\/\/desarrollo.grupomedios.com\/futbol\/wp-json\/wp\/v2\/media?parent=455024"}],"wp:term":[{"taxonomy":"category","embeddable":true,"href":"http:\/\/desarrollo.grupomedios.com\/futbol\/wp-json\/wp\/v2\/categories?post=455024"},{"taxonomy":"post_tag","embeddable":true,"href":"http:\/\/desarrollo.grupomedios.com\/futbol\/wp-json\/wp\/v2\/tags?post=455024"}],"curies":[{"name":"wp","href":"https:\/\/api.w.org\/{rel}","templated":true}]}}