{"id":455163,"date":"2017-01-22T10:11:05","date_gmt":"2017-01-22T16:11:05","guid":{"rendered":"https:\/\/www.futboltotal.com.mx\/?p=455163"},"modified":"2017-01-22T10:11:05","modified_gmt":"2017-01-22T16:11:05","slug":"real-madrid-pierde-a-dos-sus-figuras","status":"publish","type":"post","link":"http:\/\/desarrollo.grupomedios.com\/futbol\/futbol-internacional\/real-madrid-pierde-a-dos-sus-figuras\/2017\/01","title":{"rendered":"Real Madrid pierde a dos de sus figuras"},"content":{"rendered":"<p>El duelo ante <strong>M\u00e1laga<\/strong> cost\u00f3 muy caro para los Merengues, pues ahora han sufrido otras dos bajas en esta semana, uni\u00e9ndose a la de <strong>Dani Carvajal.<\/strong><\/p>\n<p><strong>Marcelo y Luka Modric<\/strong>, sufrieron lesiones este s\u00e1bado y podr\u00edan ser baja de 3 a 4 semanas con el conjunto blanco, algo que sin duda preocupa, pues se perder\u00edan el duelo de ida de los Octavos de Final de la Champions League ante el Napoli.<\/p>\n<p style=\"text-align: center;\"><span style=\"color: #3366ff;\"><a style=\"color: #3366ff;\" href=\"https:\/\/www.futboltotal.com.mx\/2017\/01\/chapecoense-regresa-sobrevivientes-levantan-trofeo-la-sudamericana\/\" target=\"_blank\">LEER M\u00c1S: Chapecoense regresa y sobrevivientes levantan trofeo de la Sudamericana<\/a><\/span><\/p>\n<p>A\u00fan falta hacer algunas pruebas este lunes, sin embargo el estratega del <strong>Real Madrid<\/strong> est\u00e1 consciente de la baja de ambos elementos.<\/p>\n<p>Si esto no fuera poco, <strong>Cristiano Ronaldo<\/strong> tambi\u00e9n se someter\u00e1 a unos ex\u00e1menes m\u00e9dicos debido a la herida que sufre en la mano y a un golpe que le dieron ayer durante el juego.<\/p>\n<p>S\u00edguenos en Twitter: <a href=\"https:\/\/twitter.com\/MXFutbolTotal\" target=\"_blank\">@MXFutbolTotal<\/a><\/p>\n","protected":false},"excerpt":{"rendered":"<p>Los Merengues suman dos lesionados m\u00e1s.<\/p>\n","protected":false},"author":20,"featured_media":455164,"comment_status":"closed","ping_status":"closed","sticky":false,"template":"","format":"standard","meta":[],"categories":[3841,3839,3844],"tags":[477,1197,5988],"_links":{"self":[{"href":"http:\/\/desarrollo.grupomedios.com\/futbol\/wp-json\/wp\/v2\/posts\/455163"}],"collection":[{"href":"http:\/\/desarrollo.grupomedios.com\/futbol\/wp-json\/wp\/v2\/posts"}],"about":[{"href":"http:\/\/desarrollo.grupomedios.com\/futbol\/wp-json\/wp\/v2\/types\/post"}],"author":[{"embeddable":true,"href":"http:\/\/desarrollo.grupomedios.com\/futbol\/wp-json\/wp\/v2\/users\/20"}],"replies":[{"embeddable":true,"href":"http:\/\/desarrollo.grupomedios.com\/futbol\/wp-json\/wp\/v2\/comments?post=455163"}],"version-history":[{"count":0,"href":"http:\/\/desarrollo.grupomedios.com\/futbol\/wp-json\/wp\/v2\/posts\/455163\/revisions"}],"wp:featuredmedia":[{"embeddable":true,"href":"http:\/\/desarrollo.grupomedios.com\/futbol\/wp-json\/wp\/v2\/media\/455164"}],"wp:attachment":[{"href":"http:\/\/desarrollo.grupomedios.com\/futbol\/wp-json\/wp\/v2\/media?parent=455163"}],"wp:term":[{"taxonomy":"category","embeddable":true,"href":"http:\/\/desarrollo.grupomedios.com\/futbol\/wp-json\/wp\/v2\/categories?post=455163"},{"taxonomy":"post_tag","embeddable":true,"href":"http:\/\/desarrollo.grupomedios.com\/futbol\/wp-json\/wp\/v2\/tags?post=455163"}],"curies":[{"name":"wp","href":"https:\/\/api.w.org\/{rel}","templated":true}]}}