{"id":455167,"date":"2017-01-22T10:52:08","date_gmt":"2017-01-22T16:52:08","guid":{"rendered":"https:\/\/www.futboltotal.com.mx\/?p=455167"},"modified":"2017-01-22T10:52:08","modified_gmt":"2017-01-22T16:52:08","slug":"bayer-leverkusen-gana-chicharito-sigue-sin-anotar","status":"publish","type":"post","link":"http:\/\/desarrollo.grupomedios.com\/futbol\/destacado-home\/bayer-leverkusen-gana-chicharito-sigue-sin-anotar\/2017\/01","title":{"rendered":"Bayer Leverkusen gana y Chicharito sigue sin anotar"},"content":{"rendered":"<p><strong>Javier Hern\u00e1ndez<\/strong> sigue sin poder mojar en la Bundesliga y se amplia su mala racha. El mexicano tuvo una buena actuaci\u00f3n con el conjunto de las Aspirinas e incluso acarici\u00f3 el gol con un testarazo que la defensa salv\u00f3 en la l\u00ednea.<\/p>\n<p>El turco<strong> Hakan Calhanoglu<\/strong> gui\u00f3 al <strong>Bayer Leverkusen<\/strong> a la victoria ante el <strong>Hertha Berl\u00edn<\/strong> (3-1), que endereza la situaci\u00f3n en la Liga de Alemania del conjunto de Roger Schmidt, ahora pr\u00f3ximo a los puestos europeos.<\/p>\n<p>Fue el tambi\u00e9n otomano <strong>Omer Toprak<\/strong> el que abri\u00f3 el camino en el BayArena para el conjunto de Leverkusen al aprovechar un rebote en el \u00e1rea y enviar el bal\u00f3n a la red en el minuto 12.<\/p>\n<p style=\"text-align: center;\"><span style=\"color: #3366ff;\"><a style=\"color: #3366ff;\" href=\"https:\/\/www.futboltotal.com.mx\/2017\/01\/alexis-sanchez-da-triunfo-valioso-al-arsenal\/\" target=\"_blank\">LEER M\u00c1S: Alexis S\u00e1nchez da triunfo valioso al Arsenal<\/a><\/span><\/p>\n<p><strong>El Hertha<\/strong>, una de las buenas noticias de la campa\u00f1a en Alemania, quinto en la tabla, fue incapaz de reaccionar y equilibrar el marcador. Una mano dentro del \u00e1rea cometida por <strong>Marvin Plattenhardt<\/strong> fue sancionada con penalti.<strong> Hakan Calhanoglu<\/strong> no fall\u00f3 desde los once metros y ampli\u00f3 la ventaja local pasada la media hora de partido.<\/p>\n<p>Sin embargo, el cuadro berlin\u00e9s regres\u00f3 a la pelea al borde del intermedio, con el tanto del suizo Valentin Stocker.<\/p>\n<p>El <strong>Hertha<\/strong> cerc\u00f3 la meta del<strong> Leverkusen<\/strong> en la segunda parte pero desperdici\u00f3 un buen n\u00famero de ocasiones para el empate. En una acci\u00f3n aislada apareci\u00f3 otra vez <strong>Calhanoglu<\/strong> que, de volea, sentenci\u00f3 la victoria de su equipo a dos minutos del final.<\/p>\n<p>El triunfo deja al <strong>Bayer Leverkusen<\/strong> con 24 puntos, a cinco del Eintracht Fr\u00e1ncfort, que marca los puestos europeos. El Hertha sigue quinto.<\/p>\n<p>S\u00edguenos en Twitter: <a href=\"https:\/\/twitter.com\/MXFutbolTotal\" target=\"_blank\">@MXFutbolTotal<\/a><\/p>\n","protected":false},"excerpt":{"rendered":"<p>El mexicano destac\u00f3, pero no pudo anotar.<\/p>\n","protected":false},"author":20,"featured_media":455168,"comment_status":"closed","ping_status":"closed","sticky":false,"template":"","format":"standard","meta":[],"categories":[5,3839,6822,6718],"tags":[4335,119,120,2465],"_links":{"self":[{"href":"http:\/\/desarrollo.grupomedios.com\/futbol\/wp-json\/wp\/v2\/posts\/455167"}],"collection":[{"href":"http:\/\/desarrollo.grupomedios.com\/futbol\/wp-json\/wp\/v2\/posts"}],"about":[{"href":"http:\/\/desarrollo.grupomedios.com\/futbol\/wp-json\/wp\/v2\/types\/post"}],"author":[{"embeddable":true,"href":"http:\/\/desarrollo.grupomedios.com\/futbol\/wp-json\/wp\/v2\/users\/20"}],"replies":[{"embeddable":true,"href":"http:\/\/desarrollo.grupomedios.com\/futbol\/wp-json\/wp\/v2\/comments?post=455167"}],"version-history":[{"count":0,"href":"http:\/\/desarrollo.grupomedios.com\/futbol\/wp-json\/wp\/v2\/posts\/455167\/revisions"}],"wp:featuredmedia":[{"embeddable":true,"href":"http:\/\/desarrollo.grupomedios.com\/futbol\/wp-json\/wp\/v2\/media\/455168"}],"wp:attachment":[{"href":"http:\/\/desarrollo.grupomedios.com\/futbol\/wp-json\/wp\/v2\/media?parent=455167"}],"wp:term":[{"taxonomy":"category","embeddable":true,"href":"http:\/\/desarrollo.grupomedios.com\/futbol\/wp-json\/wp\/v2\/categories?post=455167"},{"taxonomy":"post_tag","embeddable":true,"href":"http:\/\/desarrollo.grupomedios.com\/futbol\/wp-json\/wp\/v2\/tags?post=455167"}],"curies":[{"name":"wp","href":"https:\/\/api.w.org\/{rel}","templated":true}]}}