{"id":455199,"date":"2017-01-22T14:06:18","date_gmt":"2017-01-22T20:06:18","guid":{"rendered":"https:\/\/www.futboltotal.com.mx\/?p=455199"},"modified":"2017-01-22T14:06:18","modified_gmt":"2017-01-22T20:06:18","slug":"vela-y-la-real-cierran-con-victoria-la-primera-vuelta","status":"publish","type":"post","link":"http:\/\/desarrollo.grupomedios.com\/futbol\/destacado-home\/vela-y-la-real-cierran-con-victoria-la-primera-vuelta\/2017\/01","title":{"rendered":"La Real y Vela sue\u00f1an de nuevo con la Champions"},"content":{"rendered":"<p>La <strong>Real Sociedad<\/strong> sac\u00f3 tres puntos con mucho sufrimiento ante el Celta en Anoeta, en un duelo donde el mexicano<strong> Carlos Vela<\/strong>\u00a0jug\u00f3 71 minutos y estuvo muy cerca de marcar gol. El duelo acab\u00f3 1-0 con un gol de Juanmi Jim\u00e9nez que permite a los donostiarras so\u00f1ar con la Liga de Campeones.<\/p>\n<p>El encuentro copero pareci\u00f3 estar muy presente en el Celta, ordenado atr\u00e1s pero a merced de un equipo guipuzcoano que tuvo dos claras ocasiones de gol en la primera mitad a cargo de Willian Jos\u00e9 y Carlos Vela.<\/p>\n<p style=\"text-align: center;\"><a href=\"https:\/\/www.futboltotal.com.mx\/futbol-internacional\/\"><span style=\"color: #3366ff;\">LEER M\u00c1S: Todas las noticias de futbol internacional<\/span><\/a><\/p>\n<p>El mayor susto para la parroquia local lleg\u00f3 tambi\u00e9n en este periodo en una gran jugada de Pione Sisto, que se fue de tres defensas blanquiazules y apret\u00f3 a Rulli para forzar una gran intervenci\u00f3n del guardameta argentino para evitar el 0-1.<\/p>\n<p>El conjunto gallego estuvo a punto de morder a diez minutos para el descanso en una habilitaci\u00f3n de Rossi a Pione Sisto que el atacante dan\u00e9s estrell\u00f3 en el cuerpo de Rulli con todo a su favor.<\/p>\n<p>La Real sali\u00f3 m\u00e1s enchufada en la segunda mitad y tuvo dos buenas oportunidades para haber decantado el encuentro, en remates de Canales y Carlos Vela, que fue un aut\u00e9ntico incordio para el equipo celti\u00f1a.<\/p>\n<p>Se\u00f1\u00e9, cuando m\u00e1s animosa estaba la Real, avis\u00f3 de que los locales no pod\u00edan confiarse lo m\u00e1s m\u00ednimo porque la velocidad de los gallegos era un tormento para su l\u00ednea defensiva cuando el Celta recuperaba el bal\u00f3n.<\/p>\n<p>El partido estaba muy re\u00f1ido, la Real volvi\u00f3 a golpear y lo tuvo todo de cara para marcar en una combinaci\u00f3n Canales-Juanmi, y s\u00f3lo a falta de 20 minutos para el final encontr\u00f3 el premio a su labor.<\/p>\n<p>En un saque de esquina de estrategia de los de Eusebio, Canales ve la llegada de Juanmi y le pone el bal\u00f3n a la altura de su cabeza para que de un gran testarazo el malague\u00f1o batiera a Sergio \u00c1lvarez ante el delirio de Anoeta. Guidetti tuvo en los cinco \u00faltimos minutos el empate pero su espuela sali\u00f3 rozando el poste realista<\/p>\n","protected":false},"excerpt":{"rendered":"<p>El mexicano juega 71 minutos y dio un partidazo en la victoria de los Txuri Urdin.<\/p>\n","protected":false},"author":20,"featured_media":455201,"comment_status":"closed","ping_status":"closed","sticky":false,"template":"","format":"standard","meta":[],"categories":[5,3839,3844,6718],"tags":[6048,76,102],"_links":{"self":[{"href":"http:\/\/desarrollo.grupomedios.com\/futbol\/wp-json\/wp\/v2\/posts\/455199"}],"collection":[{"href":"http:\/\/desarrollo.grupomedios.com\/futbol\/wp-json\/wp\/v2\/posts"}],"about":[{"href":"http:\/\/desarrollo.grupomedios.com\/futbol\/wp-json\/wp\/v2\/types\/post"}],"author":[{"embeddable":true,"href":"http:\/\/desarrollo.grupomedios.com\/futbol\/wp-json\/wp\/v2\/users\/20"}],"replies":[{"embeddable":true,"href":"http:\/\/desarrollo.grupomedios.com\/futbol\/wp-json\/wp\/v2\/comments?post=455199"}],"version-history":[{"count":0,"href":"http:\/\/desarrollo.grupomedios.com\/futbol\/wp-json\/wp\/v2\/posts\/455199\/revisions"}],"wp:featuredmedia":[{"embeddable":true,"href":"http:\/\/desarrollo.grupomedios.com\/futbol\/wp-json\/wp\/v2\/media\/455201"}],"wp:attachment":[{"href":"http:\/\/desarrollo.grupomedios.com\/futbol\/wp-json\/wp\/v2\/media?parent=455199"}],"wp:term":[{"taxonomy":"category","embeddable":true,"href":"http:\/\/desarrollo.grupomedios.com\/futbol\/wp-json\/wp\/v2\/categories?post=455199"},{"taxonomy":"post_tag","embeddable":true,"href":"http:\/\/desarrollo.grupomedios.com\/futbol\/wp-json\/wp\/v2\/tags?post=455199"}],"curies":[{"name":"wp","href":"https:\/\/api.w.org\/{rel}","templated":true}]}}