{"id":455203,"date":"2017-01-22T17:00:08","date_gmt":"2017-01-22T23:00:08","guid":{"rendered":"https:\/\/www.futboltotal.com.mx\/?p=455203"},"modified":"2017-01-22T22:19:48","modified_gmt":"2017-01-23T04:19:48","slug":"marco-fabian-baja-tiempo-indefinido","status":"publish","type":"post","link":"http:\/\/desarrollo.grupomedios.com\/futbol\/destacado-home\/marco-fabian-baja-tiempo-indefinido\/2017\/01","title":{"rendered":"Marco Fabi\u00e1n, baja por tiempo indefinido"},"content":{"rendered":"<p>El <strong>Eintracht Frankfurt<\/strong>\u00a0tendr\u00e1 que afrontar una buena parte de la segunda vuelta de la Bundesliga sin el\u00a0mediocampista Marco Fabi\u00e1n, quien padece una lesi\u00f3n en la zona lumbar y es baja por tiempo indefinido, confirm\u00f3 Niko Kovac, entrenador del club.<\/p>\n<p>\u201cTiene una inflamaci\u00f3n en la regi\u00f3n lumbar y la degradaci\u00f3n es lenta\u201d, dijo a la prensa alemana, el estratega croata.\u00a0&#8220;Un caso de esa magnitud, no se puede decir con exactitud cu\u00e1ndo podremos contar con \u00e9l. Primero hay que ver que la inflamaci\u00f3n logre disminuir con los tratamientos e inyecciones y eso va a tomar alg\u00fan tiempo\u201d, a\u00f1adi\u00f3.<\/p>\n<p style=\"text-align: center;\"><span style=\"color: #3366ff;\"><a href=\"https:\/\/www.futboltotal.com.mx\/futbol-internacional\/\">LEER M\u00c1S: Todas las noticias de futbol internacional<\/a><\/span><\/p>\n<blockquote class=\"twitter-tweet\" data-lang=\"es\">\n<p dir=\"ltr\" lang=\"es\">\u00daLTIMA HORA: <a href=\"https:\/\/twitter.com\/MarcoFabian_10\">@MarcoFabian_10<\/a> &#x1f1f2;&#x1f1fd; podr\u00eda estar de baja un largo tiempo debido a problemas en la cadera y la zona lumbar. \u00a1Pronta recuperaci\u00f3n! <a href=\"https:\/\/t.co\/CnEI3hHIMQ\">pic.twitter.com\/CnEI3hHIMQ<\/a><\/p>\n<p>\u2014 Bundesliga Espa\u00f1ol (@Bundesliga_ES) <a href=\"https:\/\/twitter.com\/Bundesliga_ES\/status\/823196371520028674\">22 de enero de 2017<\/a><\/p><\/blockquote>\n<p><script async src=\"\/\/platform.twitter.com\/widgets.js\" charset=\"utf-8\"><\/script><\/p>\n<p>El mexicano se perdi\u00f3 el primer partido del 2017, que perdieron (3-0) las <em>\u00c1guilas<\/em>\u00a0ante el RB Leipzing<i>, <\/i>despu\u00e9s de que durante la semana pasada present\u00f3 molestias musculares que le impidieron trabajar al parejo de sus compa\u00f1eros.<\/p>\n<p>Dado el tipo de lesi\u00f3n que padece Fabi\u00e1n, al menos se perder\u00e1 con toda certeza los duelos de la Bundesliga ante el Schalke 04 y Darmstadt, as\u00ed como los Octavos de Final de la DFB Pokal ante el Hannover 96. Los m\u00e9dicos del equipo seguir\u00e1n la evoluci\u00f3n del mexicano y en los pr\u00f3ximos d\u00edas le practicar\u00e1n otras pruebas m\u00e9dicas para saber como ha respondido al tratamiento.<\/p>\n","protected":false},"excerpt":{"rendered":"<p>El DT del Eintracht Frankfurt confirma que el mexicano sufre una lesi\u00f3n lumbar.<\/p>\n","protected":false},"author":20,"featured_media":455205,"comment_status":"closed","ping_status":"closed","sticky":false,"template":"","format":"standard","meta":[],"categories":[5,3839,6822,6718],"tags":[119,131,4545],"_links":{"self":[{"href":"http:\/\/desarrollo.grupomedios.com\/futbol\/wp-json\/wp\/v2\/posts\/455203"}],"collection":[{"href":"http:\/\/desarrollo.grupomedios.com\/futbol\/wp-json\/wp\/v2\/posts"}],"about":[{"href":"http:\/\/desarrollo.grupomedios.com\/futbol\/wp-json\/wp\/v2\/types\/post"}],"author":[{"embeddable":true,"href":"http:\/\/desarrollo.grupomedios.com\/futbol\/wp-json\/wp\/v2\/users\/20"}],"replies":[{"embeddable":true,"href":"http:\/\/desarrollo.grupomedios.com\/futbol\/wp-json\/wp\/v2\/comments?post=455203"}],"version-history":[{"count":0,"href":"http:\/\/desarrollo.grupomedios.com\/futbol\/wp-json\/wp\/v2\/posts\/455203\/revisions"}],"wp:featuredmedia":[{"embeddable":true,"href":"http:\/\/desarrollo.grupomedios.com\/futbol\/wp-json\/wp\/v2\/media\/455205"}],"wp:attachment":[{"href":"http:\/\/desarrollo.grupomedios.com\/futbol\/wp-json\/wp\/v2\/media?parent=455203"}],"wp:term":[{"taxonomy":"category","embeddable":true,"href":"http:\/\/desarrollo.grupomedios.com\/futbol\/wp-json\/wp\/v2\/categories?post=455203"},{"taxonomy":"post_tag","embeddable":true,"href":"http:\/\/desarrollo.grupomedios.com\/futbol\/wp-json\/wp\/v2\/tags?post=455203"}],"curies":[{"name":"wp","href":"https:\/\/api.w.org\/{rel}","templated":true}]}}