{"id":455206,"date":"2017-01-22T15:07:01","date_gmt":"2017-01-22T21:07:01","guid":{"rendered":"https:\/\/www.futboltotal.com.mx\/?p=455206"},"modified":"2017-01-22T15:07:01","modified_gmt":"2017-01-22T21:07:01","slug":"entrada-carcel-sergio-busquets","status":"publish","type":"post","link":"http:\/\/desarrollo.grupomedios.com\/futbol\/videos\/entrada-carcel-sergio-busquets\/2017\/01","title":{"rendered":"\u00a1Entrada de c\u00e1rcel sobre Sergio Busquets!"},"content":{"rendered":"<p><strong>Sergio Busquets<\/strong>, centrocampista del<strong> Barcelona<\/strong>, sufri\u00f3 una dura entrada durante el partido ante el Eibar en Ipur\u00faa y tuvo que abandonar el campo tras 10 minutos del primer tiempo. Tras una primera valoraci\u00f3n, el cuerpo m\u00e9dico del equipo se\u00f1al\u00f3 que se trata de una lesi\u00f3n en el ligamento colateral del tobillo derecho, por lo que el espa\u00f1ol estar\u00eda fuera entre tres y cuatro semanas.<\/p>\n<p><strong>Busquets<\/strong> recibi\u00f3 en el borde del \u00e1rea una dura entrada del argentino Gonzalo Escalante, que pis\u00f3 con fuerza el tobillo derecho del medio barcelonista, quien fue retirado en camilla con mucho dolor y fue reemplazado por Denis Su\u00e1rez. El \u00e1rbitro ni siquiera pit\u00f3 la falta y dej\u00f3 correr la jugada. Instantes despu\u00e9s detuvo el juego, pero por una falta sobre el brasile\u00f1o Neymar Jr. en los linderos del \u00e1rea.<\/p>\n<p style=\"text-align: center;\"><a href=\"https:\/\/www.futboltotal.com.mx\/futbol-internacional\/\"><span style=\"color: #3366ff;\">LEER M\u00c1S: Todas las noticias de futbol internacional<\/span><\/a><\/p>\n<p><iframe loading=\"lazy\" src=\"https:\/\/www.youtube.com\/embed\/ReNZp_Db7C0\" frameborder=\"0\" allowfullscreen=\"allowfullscreen\"><\/iframe><\/p>\n","protected":false},"excerpt":{"rendered":"<p>El centrocampista del Barcelona sufre una lesi\u00f3n de ligamentos en el tobillo derecho. <\/p>\n","protected":false},"author":20,"featured_media":455207,"comment_status":"closed","ping_status":"closed","sticky":false,"template":"","format":"standard","meta":[],"categories":[3839,3844,5951,4],"tags":[5984,6031],"_links":{"self":[{"href":"http:\/\/desarrollo.grupomedios.com\/futbol\/wp-json\/wp\/v2\/posts\/455206"}],"collection":[{"href":"http:\/\/desarrollo.grupomedios.com\/futbol\/wp-json\/wp\/v2\/posts"}],"about":[{"href":"http:\/\/desarrollo.grupomedios.com\/futbol\/wp-json\/wp\/v2\/types\/post"}],"author":[{"embeddable":true,"href":"http:\/\/desarrollo.grupomedios.com\/futbol\/wp-json\/wp\/v2\/users\/20"}],"replies":[{"embeddable":true,"href":"http:\/\/desarrollo.grupomedios.com\/futbol\/wp-json\/wp\/v2\/comments?post=455206"}],"version-history":[{"count":0,"href":"http:\/\/desarrollo.grupomedios.com\/futbol\/wp-json\/wp\/v2\/posts\/455206\/revisions"}],"wp:featuredmedia":[{"embeddable":true,"href":"http:\/\/desarrollo.grupomedios.com\/futbol\/wp-json\/wp\/v2\/media\/455207"}],"wp:attachment":[{"href":"http:\/\/desarrollo.grupomedios.com\/futbol\/wp-json\/wp\/v2\/media?parent=455206"}],"wp:term":[{"taxonomy":"category","embeddable":true,"href":"http:\/\/desarrollo.grupomedios.com\/futbol\/wp-json\/wp\/v2\/categories?post=455206"},{"taxonomy":"post_tag","embeddable":true,"href":"http:\/\/desarrollo.grupomedios.com\/futbol\/wp-json\/wp\/v2\/tags?post=455206"}],"curies":[{"name":"wp","href":"https:\/\/api.w.org\/{rel}","templated":true}]}}