{"id":455238,"date":"2017-01-23T09:03:07","date_gmt":"2017-01-23T15:03:07","guid":{"rendered":"https:\/\/www.futboltotal.com.mx\/?p=455238"},"modified":"2017-01-23T09:03:07","modified_gmt":"2017-01-23T15:03:07","slug":"real-madrid-pierde-a-marcelo-a-modric","status":"publish","type":"post","link":"http:\/\/desarrollo.grupomedios.com\/futbol\/futbol-internacional\/real-madrid-pierde-a-marcelo-a-modric\/2017\/01","title":{"rendered":"Real Madrid pierde a Marcelo y a Modric"},"content":{"rendered":"<p>El <strong>Real Madrid<\/strong> confirm\u00f3 este lunes las bajas del defensa brasile\u00f1o <strong>Marcelo<\/strong> y el mediocampista croata <strong>Luka Modric<\/strong>, quienes salieron lesionados en la victoria (2-1) sobre el M\u00e1laga del pasado fin de semana, en la jornada 19 de la Liga.<\/p>\n<p>Los <em>Merengues\u00a0<\/em>informaron a trav\u00e9s de su p\u00e1gina web que\u00a0<strong>Marcelo<\/strong> sufre &#8220;una lesi\u00f3n de grado 2 en el b\u00edceps femoral izquierdo&#8221; y, aunque no indicaron el tiempo aproximado de baja, se sabe que el lateral izquierdo estar\u00e1 casi un mes fuera de las canchas y pr\u00e1cticamente esta descartado para los Octavos de Final de Champions League, que se disputar\u00e1n el pr\u00f3ximo 15 de febrero ante el Napoli.<\/p>\n<p style=\"text-align: center;\"><span style=\"color: #3366ff;\">LEER M\u00c1S: Todas las noticia de futbol internacional<\/span><\/p>\n<p>En tanto, <strong>Luka Modric <\/strong>padece &#8220;una sobrecarga en el aductor largo derecho&#8221; y por ello no estar\u00e1 disponible para el duelo de Vuelta de los Cuartos de Final de la Copa del Rey ante el Celta. El croata estar\u00e1 aproximadamente un par de semanas fuera, por lo que tambi\u00e9n se perder\u00eda el duelo ante la Real Sociedad, del pr\u00f3ximo fin de semana. En el mejor de los casos, podr\u00eda reaparecer para el duelo ante Celta del pr\u00f3ximo 5 de febrero en la Liga.<\/p>\n<p>&nbsp;<\/p>\n","protected":false},"excerpt":{"rendered":"<p>El lateral brasile\u00f1o estar\u00e1 fuera casi un mes; el mediocampista croata alrededor de dos semanas.<\/p>\n","protected":false},"author":20,"featured_media":455243,"comment_status":"closed","ping_status":"closed","sticky":false,"template":"","format":"standard","meta":[],"categories":[3839,3844,5951],"tags":[477,1197,5988],"_links":{"self":[{"href":"http:\/\/desarrollo.grupomedios.com\/futbol\/wp-json\/wp\/v2\/posts\/455238"}],"collection":[{"href":"http:\/\/desarrollo.grupomedios.com\/futbol\/wp-json\/wp\/v2\/posts"}],"about":[{"href":"http:\/\/desarrollo.grupomedios.com\/futbol\/wp-json\/wp\/v2\/types\/post"}],"author":[{"embeddable":true,"href":"http:\/\/desarrollo.grupomedios.com\/futbol\/wp-json\/wp\/v2\/users\/20"}],"replies":[{"embeddable":true,"href":"http:\/\/desarrollo.grupomedios.com\/futbol\/wp-json\/wp\/v2\/comments?post=455238"}],"version-history":[{"count":0,"href":"http:\/\/desarrollo.grupomedios.com\/futbol\/wp-json\/wp\/v2\/posts\/455238\/revisions"}],"wp:featuredmedia":[{"embeddable":true,"href":"http:\/\/desarrollo.grupomedios.com\/futbol\/wp-json\/wp\/v2\/media\/455243"}],"wp:attachment":[{"href":"http:\/\/desarrollo.grupomedios.com\/futbol\/wp-json\/wp\/v2\/media?parent=455238"}],"wp:term":[{"taxonomy":"category","embeddable":true,"href":"http:\/\/desarrollo.grupomedios.com\/futbol\/wp-json\/wp\/v2\/categories?post=455238"},{"taxonomy":"post_tag","embeddable":true,"href":"http:\/\/desarrollo.grupomedios.com\/futbol\/wp-json\/wp\/v2\/tags?post=455238"}],"curies":[{"name":"wp","href":"https:\/\/api.w.org\/{rel}","templated":true}]}}