{"id":455247,"date":"2017-01-23T09:45:20","date_gmt":"2017-01-23T15:45:20","guid":{"rendered":"https:\/\/www.futboltotal.com.mx\/?p=455247"},"modified":"2017-01-23T11:01:48","modified_gmt":"2017-01-23T17:01:48","slug":"borussia-dortmund-ha-blindado-a-uno-sus-jovenes-cracks","status":"publish","type":"post","link":"http:\/\/desarrollo.grupomedios.com\/futbol\/futbol-internacional\/borussia-dortmund-ha-blindado-a-uno-sus-jovenes-cracks\/2017\/01","title":{"rendered":"Borussia Dortmund ha blindado a uno de sus j\u00f3venes cracks"},"content":{"rendered":"<p>Mientras sigue su lucha por mejorar su posici\u00f3n en la actual Bundesliga, el <strong>Borussia Dortmund<\/strong> no deja de pensar en el futuro.<\/p>\n<p>Por ello, el cuadro alem\u00e1n acaba de cerrar la renovaci\u00f3n de uno de sus jugadores j\u00f3venes m\u00e1s talentosos, seg\u00fan confirm\u00f3 a trav\u00e9s de su cuenta de Twitter.<\/p>\n<p style=\"text-align: center;\"><a href=\"https:\/\/www.futboltotal.com.mx\/2017\/01\/dortmund-ficha-al-proximo-zlatan-ibrahimovic\/\" target=\"_blank\"><span style=\"color: #3366ff;\"><strong>LEER M\u00c1S: Dortmund ficha al pr\u00f3ximo Zlatan Ibrahimovic<\/strong><\/span><\/a><\/p>\n<p>El <strong>Dortmund<\/strong> inform\u00f3 que ha extendido el contrato de Christian Pulisic, quien ahora est\u00e1 ligado al equipo hasta el 30 de junio de 2020.<\/p>\n<p>El volante originario de Estados Unidos tiene 18 a\u00f1os y est\u00e1 viviendo su segunda temporada con el primer equipo de los <em>Aurinegros<\/em>.<\/p>\n<blockquote class=\"twitter-tweet\" data-lang=\"es\">\n<p dir=\"ltr\" lang=\"de\">Christian Pulisic verl\u00e4ngert bis zum 30. Juni 2020\u26a0\ufe0f \/\/ Christian Pulisic has extended his contract until 30 June 2020. &#x1f49b; <a href=\"https:\/\/twitter.com\/hashtag\/22until2020?src=hash\">#22until2020<\/a> <a href=\"https:\/\/twitter.com\/hashtag\/bvb?src=hash\">#bvb<\/a> <a href=\"https:\/\/t.co\/YuyHYb7ptE\">pic.twitter.com\/YuyHYb7ptE<\/a><\/p>\n<p>\u2014 Borussia Dortmund (@BVB) <a href=\"https:\/\/twitter.com\/BVB\/status\/823523283387777026\">23 de enero de 2017<\/a><\/p><\/blockquote>\n<p><script async src=\"\/\/platform.twitter.com\/widgets.js\" charset=\"utf-8\"><\/script><\/p>\n<p>En meses pasados se hab\u00eda especulado que Pulisic podr\u00eda ser tentado por otros de los grandes clubes de Europa o incluso por una oferta multimillonaria de la Major League Soccer.<\/p>\n<p>Ahora, con el anuncio de su club, Pulisic garantiza su continuidad con un cuadro\u00a0donde va ganando protagonismo a las \u00f3rdenes de Thomas Tuchel.<\/p>\n<p><a href=\"https:\/\/twitter.com\/MXFutbolTotal\" target=\"_blank\"><span style=\"color: #3366ff;\"><strong>S\u00edguenos en Twitter: @MXFutbolTotal<\/strong><\/span><\/a><\/p>\n","protected":false},"excerpt":{"rendered":"<p>El equipo de Thomas Tuchel marcha en estos momentos en cuarto lugar de la Bundesliga.<\/p>\n","protected":false},"author":20,"featured_media":444133,"comment_status":"closed","ping_status":"closed","sticky":false,"template":"","format":"standard","meta":[],"categories":[3839,6822,5951],"tags":[6000,6047,119,8065,2920,8066],"_links":{"self":[{"href":"http:\/\/desarrollo.grupomedios.com\/futbol\/wp-json\/wp\/v2\/posts\/455247"}],"collection":[{"href":"http:\/\/desarrollo.grupomedios.com\/futbol\/wp-json\/wp\/v2\/posts"}],"about":[{"href":"http:\/\/desarrollo.grupomedios.com\/futbol\/wp-json\/wp\/v2\/types\/post"}],"author":[{"embeddable":true,"href":"http:\/\/desarrollo.grupomedios.com\/futbol\/wp-json\/wp\/v2\/users\/20"}],"replies":[{"embeddable":true,"href":"http:\/\/desarrollo.grupomedios.com\/futbol\/wp-json\/wp\/v2\/comments?post=455247"}],"version-history":[{"count":0,"href":"http:\/\/desarrollo.grupomedios.com\/futbol\/wp-json\/wp\/v2\/posts\/455247\/revisions"}],"wp:featuredmedia":[{"embeddable":true,"href":"http:\/\/desarrollo.grupomedios.com\/futbol\/wp-json\/wp\/v2\/media\/444133"}],"wp:attachment":[{"href":"http:\/\/desarrollo.grupomedios.com\/futbol\/wp-json\/wp\/v2\/media?parent=455247"}],"wp:term":[{"taxonomy":"category","embeddable":true,"href":"http:\/\/desarrollo.grupomedios.com\/futbol\/wp-json\/wp\/v2\/categories?post=455247"},{"taxonomy":"post_tag","embeddable":true,"href":"http:\/\/desarrollo.grupomedios.com\/futbol\/wp-json\/wp\/v2\/tags?post=455247"}],"curies":[{"name":"wp","href":"https:\/\/api.w.org\/{rel}","templated":true}]}}