{"id":455250,"date":"2017-01-23T10:36:11","date_gmt":"2017-01-23T16:36:11","guid":{"rendered":"https:\/\/www.futboltotal.com.mx\/?p=455250"},"modified":"2017-01-23T12:05:38","modified_gmt":"2017-01-23T18:05:38","slug":"america-busca-fichar-a-argentino-polaco-sabe-nada","status":"publish","type":"post","link":"http:\/\/desarrollo.grupomedios.com\/futbol\/destacado-home\/america-busca-fichar-a-argentino-polaco-sabe-nada\/2017\/01","title":{"rendered":"Am\u00e9rica busca fichar a un argentino-polaco, quien no sabe nada"},"content":{"rendered":"<p>Hace apenas un par de d\u00edas desde Espa\u00f1a surgi\u00f3 el rumor de que el <strong>Am\u00e9rica<\/strong> estar\u00eda buscando a su tan ansiado \u00faltimo refuerzo para encarar el torneo Clausura 2017 en un equipo de Primera Divisi\u00f3n ib\u00e9rica que est\u00e1 peleando el descenso, espec\u00edficamente el <strong>Legan\u00e9s<\/strong>.<\/p>\n<p>El diario Marca revel\u00f3 que las <em>\u00c1guilas<\/em> apuntan al fichaje del delantero <strong>Alexander Szymanowski<\/strong>, delantero argentino de origen polaco quien ha desarrollado la mayor\u00eda de su carrera como futbolista en Espa\u00f1a luego de que desde los 10 a\u00f1os se mudara a Madrid.<\/p>\n<p>Su trayectoria abarca los clubes espa\u00f1oles Uni\u00f3n Deportiva San Sebasti\u00e1n de los Reyes, Antequera, Jumilla, Alcal\u00e1 y Recreativo de Huelva, as\u00ed como el Brondby dan\u00e9s.\u00a0En 2015 lleg\u00f3 al Legan\u00e9s, equipo en el que ha encontrado la regularidad que deseaba y suma 15 goles en 48 partidos.<\/p>\n<p style=\"text-align: center;\"><a href=\"https:\/\/www.futboltotal.com.mx\/2017\/01\/resultado-liga-mx-tigres-4-2-america\/\">VER M\u00c1S: \u00a1TIGRES BAIL\u00d3 AL AM\u00c9RICA EN EL VOLC\u00c1N!<\/a><\/p>\n<p>\u00a0<iframe loading=\"lazy\" src=\"https:\/\/www.youtube.com\/embed\/jTw5CNRpB3o\" frameborder=\"0\" allowfullscreen=\"allowfullscreen\"><\/iframe><\/p>\n<p>Sin embargo, el propio\u00a0Szymanowski ha salido a declarar que no conoce nada acerca del supuesto inter\u00e9s de los americanistas por contratarle, adem\u00e1s de asegurar que su deseo es seguir con el Legan\u00e9s.<\/p>\n<p>Por su parte, el equipo espa\u00f1ol, que tampoco piensa en vender a su atacante, har\u00eda uso de la cl\u00e1usula de rescisi\u00f3n del argentino-polaco en caso de que las <em>\u00c1guilas<\/em> decidieran ir con todo por el jugador.<\/p>\n<p><iframe loading=\"lazy\" src=\"https:\/\/www.youtube.com\/embed\/vjU5ko88YkE\" frameborder=\"0\" allowfullscreen=\"allowfullscreen\"><\/iframe><\/p>\n<p style=\"text-align: center;\"><a href=\"https:\/\/www.futboltotal.com.mx\/2017\/01\/america-recibio-pase-cecilio-jugara-ante-tigres\/\">VER M\u00c1S: AM\u00c9RICA RECIBI\u00d3 PASE DE CECILIO DOM\u00cdNGUEZ, PERO NO JUGAR\u00c1 ANTE TIGRES<\/a><\/p>\n","protected":false},"excerpt":{"rendered":"<p>Las \u00c1guilas apostar\u00edan por un atacante con largo recorrido en Espa\u00f1a.<\/p>\n","protected":false},"author":20,"featured_media":455251,"comment_status":"closed","ping_status":"closed","sticky":false,"template":"","format":"standard","meta":[],"categories":[5,7740,3839,2198,3845],"tags":[1585,8075,5959,2813,7732,4847,8076,64,8077,8078,1296,8074],"_links":{"self":[{"href":"http:\/\/desarrollo.grupomedios.com\/futbol\/wp-json\/wp\/v2\/posts\/455250"}],"collection":[{"href":"http:\/\/desarrollo.grupomedios.com\/futbol\/wp-json\/wp\/v2\/posts"}],"about":[{"href":"http:\/\/desarrollo.grupomedios.com\/futbol\/wp-json\/wp\/v2\/types\/post"}],"author":[{"embeddable":true,"href":"http:\/\/desarrollo.grupomedios.com\/futbol\/wp-json\/wp\/v2\/users\/20"}],"replies":[{"embeddable":true,"href":"http:\/\/desarrollo.grupomedios.com\/futbol\/wp-json\/wp\/v2\/comments?post=455250"}],"version-history":[{"count":0,"href":"http:\/\/desarrollo.grupomedios.com\/futbol\/wp-json\/wp\/v2\/posts\/455250\/revisions"}],"wp:featuredmedia":[{"embeddable":true,"href":"http:\/\/desarrollo.grupomedios.com\/futbol\/wp-json\/wp\/v2\/media\/455251"}],"wp:attachment":[{"href":"http:\/\/desarrollo.grupomedios.com\/futbol\/wp-json\/wp\/v2\/media?parent=455250"}],"wp:term":[{"taxonomy":"category","embeddable":true,"href":"http:\/\/desarrollo.grupomedios.com\/futbol\/wp-json\/wp\/v2\/categories?post=455250"},{"taxonomy":"post_tag","embeddable":true,"href":"http:\/\/desarrollo.grupomedios.com\/futbol\/wp-json\/wp\/v2\/tags?post=455250"}],"curies":[{"name":"wp","href":"https:\/\/api.w.org\/{rel}","templated":true}]}}