{"id":455263,"date":"2017-01-23T14:44:42","date_gmt":"2017-01-23T20:44:42","guid":{"rendered":"https:\/\/www.futboltotal.com.mx\/?p=455263"},"modified":"2017-01-23T14:55:00","modified_gmt":"2017-01-23T20:55:00","slug":"causa-efecto-lucas-zelarayan","status":"publish","type":"post","link":"http:\/\/desarrollo.grupomedios.com\/futbol\/futbol-mexicano\/causa-efecto-lucas-zelarayan\/2017\/01","title":{"rendered":"Causa y efecto de&#8230; Lucas Zelaray\u00e1n"},"content":{"rendered":"<p>\u00bfCu\u00e1l es tu prop\u00f3sito en la vida? \u00bfHasta d\u00f3nde est\u00e1s dispuesto por cumplir tu m\u00e1s grande sue\u00f1o? El mediocampista de Tigres, <strong>Lucas Zelaray\u00e1n<\/strong>, lo supo desde que era un ni\u00f1o y jugaba al &#8216;gol entra&#8217; en uno de los barrios de C\u00f3rdoba -la ciudad donde creci\u00f3-, y lo reafirm\u00f3 tras sufrir una lesi\u00f3n que cambi\u00f3 el inicio de su carrera futbol\u00edstica y que le permiti\u00f3, parad\u00f3jicamente, llegar hasta Belgrano, el club de sus amores.<\/p>\n<p>En la Jornada 3 de la Liga MX, <strong>Lucas Zelaray\u00e1n<\/strong>\u00a0la rompi\u00f3 como si fuese un grande. Cimbr\u00f3 las gradas del estadio Universitario con un doblete ante Am\u00e9rica y el primero de sus goles fue espectacular. Desde la banda izquierda se plant\u00f3 para cobrar un tiro libre y sac\u00f3 un disparo que super\u00f3 la barrera y movi\u00f3 la red tras pegar en el palo. Goles como ese (que por cierto le dedic\u00f3 a su compa\u00f1ero y connacional Nahuel Guzm\u00e1n) quiso hacer desde siempre.<\/p>\n<p>Y hoy no podr\u00edamos hablar de ellos si el<em> Chino<\/em> hubiese tirado la toalla cuando no pudo entrar a River o Racing por culpa de una fractura en el peron\u00e9. &#8220;Siempre conf\u00ede en mi t\u00e9cnica y no baj\u00e9 los brazos. Y despu\u00e9s todo se fue dando&#8221;, le cont\u00f3 en una ocasi\u00f3n al diario <em>D\u00eda a D\u00eda.\u00a0<\/em>Hoy en Futbol Total, te contamos en &#8220;Causa y Efecto&#8221; uno de los episodios que marc\u00f3 la carrera de<strong> Lucas Zelaray\u00e1n<\/strong>.<\/p>\n<p style=\"text-align: center;\"><span style=\"color: #3366ff;\">LEER M\u00c1S: Todas las noticias de futbol mexicano<\/span><\/p>\n<p style=\"text-align: center;\">[video_player]https:\/\/player.vimeo.com\/external\/200716306.hd.mp4?s=ed2352f0ce9b9492d1e7350dbe6f931b0450c23d&amp;profile_id=174[\/video_player]<\/p>\n","protected":false},"excerpt":{"rendered":"<p>El futbolista, que anhela un llamado a la Albicelste, tuvo como inspiraci\u00f3n a Juan Rom\u00e1n Riquelme. <\/p>\n","protected":false},"author":20,"featured_media":455275,"comment_status":"closed","ping_status":"closed","sticky":false,"template":"","format":"standard","meta":[],"categories":[7570,2198,3845],"tags":[7732,8084,5973],"_links":{"self":[{"href":"http:\/\/desarrollo.grupomedios.com\/futbol\/wp-json\/wp\/v2\/posts\/455263"}],"collection":[{"href":"http:\/\/desarrollo.grupomedios.com\/futbol\/wp-json\/wp\/v2\/posts"}],"about":[{"href":"http:\/\/desarrollo.grupomedios.com\/futbol\/wp-json\/wp\/v2\/types\/post"}],"author":[{"embeddable":true,"href":"http:\/\/desarrollo.grupomedios.com\/futbol\/wp-json\/wp\/v2\/users\/20"}],"replies":[{"embeddable":true,"href":"http:\/\/desarrollo.grupomedios.com\/futbol\/wp-json\/wp\/v2\/comments?post=455263"}],"version-history":[{"count":0,"href":"http:\/\/desarrollo.grupomedios.com\/futbol\/wp-json\/wp\/v2\/posts\/455263\/revisions"}],"wp:featuredmedia":[{"embeddable":true,"href":"http:\/\/desarrollo.grupomedios.com\/futbol\/wp-json\/wp\/v2\/media\/455275"}],"wp:attachment":[{"href":"http:\/\/desarrollo.grupomedios.com\/futbol\/wp-json\/wp\/v2\/media?parent=455263"}],"wp:term":[{"taxonomy":"category","embeddable":true,"href":"http:\/\/desarrollo.grupomedios.com\/futbol\/wp-json\/wp\/v2\/categories?post=455263"},{"taxonomy":"post_tag","embeddable":true,"href":"http:\/\/desarrollo.grupomedios.com\/futbol\/wp-json\/wp\/v2\/tags?post=455263"}],"curies":[{"name":"wp","href":"https:\/\/api.w.org\/{rel}","templated":true}]}}