{"id":455267,"date":"2017-01-23T14:42:22","date_gmt":"2017-01-23T20:42:22","guid":{"rendered":"https:\/\/www.futboltotal.com.mx\/?p=455267"},"modified":"2017-01-23T14:42:22","modified_gmt":"2017-01-23T20:42:22","slug":"nahuel-guzman-operado-los-pechos","status":"publish","type":"post","link":"http:\/\/desarrollo.grupomedios.com\/futbol\/futbol-mexicano\/nahuel-guzman-operado-los-pechos\/2017\/01","title":{"rendered":"\u00bfNahuel Guzm\u00e1n operado de los pechos?"},"content":{"rendered":"<p>El portero de Tigres aprovech\u00f3 la operaci\u00f3n que le har\u00edan para bromear en su cuenta de Twitter y publicar una foto en donde simula tener un aumento de senos. La imagen del futbolista causo bastante risa entre sus seguidores, porque aparece en el hospital y con una bata, adem\u00e1s de sus pechos grandes.<\/p>\n<blockquote class=\"twitter-tweet\" data-lang=\"es\">\n<p dir=\"ltr\" lang=\"es\">Foto pendiente y agradecimiento al Cuerpo M\u00e9dico q el viernes me trat\u00f3 de 1era.<br \/>\nLa cirug\u00eda fue un \u00e9xito&#8230; &#x1f440;&#x1f602;<br \/>\nAbrazo a todos x la buena onda <a href=\"https:\/\/t.co\/4CZdHdsKpL\">pic.twitter.com\/4CZdHdsKpL<\/a><\/p>\n<p>\u2014 Nahuel.I.Guzman (@PatonGuzman) <a href=\"https:\/\/twitter.com\/PatonGuzman\/status\/823250184914268160\">22 de enero de 2017<\/a><\/p><\/blockquote>\n<p><script async src=\"\/\/platform.twitter.com\/widgets.js\" charset=\"utf-8\"><\/script><\/p>\n<p>En realidad la operaci\u00f3n que tuvo el portero campe\u00f3n de la Liga Mx fue del quinto metatarciano del pie izquierdo.<\/p>\n<p style=\"text-align: center;\"><a href=\"https:\/\/www.futboltotal.com.mx\/2017\/01\/11-ideal-la-jornada-3-del-clausura-2017\/\" target=\"_blank\">LEER M\u00c1S: 11 ideal de la Jornada 3 del Clausura 2017<\/a><\/p>\n<p>La cuenta oficial de Tigres inform\u00f3 que el guardameta tendr\u00e1 una recuperaci\u00f3n de seis semanas aproximadamente y se perder\u00e1 los duelos ante Chiapas, Toluca, Pachuca, Veracruz, Morelia y Puebla.<\/p>\n<blockquote class=\"twitter-tweet\" data-lang=\"es\">\n<p dir=\"ltr\" lang=\"es\">&#8211;<a href=\"https:\/\/twitter.com\/PatonGuzman\">@PatonGuzman<\/a> fue operado con \u00e9xito del quinto metatarsiano del pie izquierdo. El pron\u00f3stico de recuperaci\u00f3n es de seis semanas.<\/p>\n<p>\u2014 CLUB TIGRES OFICIAL (@TigresOficial) <a href=\"https:\/\/twitter.com\/TigresOficial\/status\/822660472545677313\">21 de enero de 2017<\/a><\/p><\/blockquote>\n<p><script async src=\"\/\/platform.twitter.com\/widgets.js\" charset=\"utf-8\"><\/script><\/p>\n<p>S\u00edguenos en Twitter: <a href=\"https:\/\/twitter.com\/MXFutbolTotal\" target=\"_blank\">@MXFutbolTotal<\/a><\/p>\n","protected":false},"excerpt":{"rendered":"<p>El portero de los felinos simul\u00f3 un aumento de senos.<\/p>\n","protected":false},"author":20,"featured_media":455270,"comment_status":"closed","ping_status":"closed","sticky":false,"template":"","format":"standard","meta":[],"categories":[5419,2198,3845],"tags":[6129,5973],"_links":{"self":[{"href":"http:\/\/desarrollo.grupomedios.com\/futbol\/wp-json\/wp\/v2\/posts\/455267"}],"collection":[{"href":"http:\/\/desarrollo.grupomedios.com\/futbol\/wp-json\/wp\/v2\/posts"}],"about":[{"href":"http:\/\/desarrollo.grupomedios.com\/futbol\/wp-json\/wp\/v2\/types\/post"}],"author":[{"embeddable":true,"href":"http:\/\/desarrollo.grupomedios.com\/futbol\/wp-json\/wp\/v2\/users\/20"}],"replies":[{"embeddable":true,"href":"http:\/\/desarrollo.grupomedios.com\/futbol\/wp-json\/wp\/v2\/comments?post=455267"}],"version-history":[{"count":0,"href":"http:\/\/desarrollo.grupomedios.com\/futbol\/wp-json\/wp\/v2\/posts\/455267\/revisions"}],"wp:featuredmedia":[{"embeddable":true,"href":"http:\/\/desarrollo.grupomedios.com\/futbol\/wp-json\/wp\/v2\/media\/455270"}],"wp:attachment":[{"href":"http:\/\/desarrollo.grupomedios.com\/futbol\/wp-json\/wp\/v2\/media?parent=455267"}],"wp:term":[{"taxonomy":"category","embeddable":true,"href":"http:\/\/desarrollo.grupomedios.com\/futbol\/wp-json\/wp\/v2\/categories?post=455267"},{"taxonomy":"post_tag","embeddable":true,"href":"http:\/\/desarrollo.grupomedios.com\/futbol\/wp-json\/wp\/v2\/tags?post=455267"}],"curies":[{"name":"wp","href":"https:\/\/api.w.org\/{rel}","templated":true}]}}