{"id":455303,"date":"2017-01-23T17:36:37","date_gmt":"2017-01-23T23:36:37","guid":{"rendered":"https:\/\/www.futboltotal.com.mx\/?p=455303"},"modified":"2017-01-23T17:38:26","modified_gmt":"2017-01-23T23:38:26","slug":"rosique-sigue-lider-la-quiniela-ft","status":"publish","type":"post","link":"http:\/\/desarrollo.grupomedios.com\/futbol\/futbol-mexicano\/rosique-sigue-lider-la-quiniela-ft\/2017\/01","title":{"rendered":"Rosique sigue como l\u00edder de la Quiniela FT"},"content":{"rendered":"<p>Luego de la conclusi\u00f3n de la Jornada 3 del torneo <strong>Clausura 2017<\/strong>, hacemos un recuento de los resultados que nos dej\u00f3 la Liga MX, como la humillante goleada del <strong>Am\u00e9rica<\/strong> en casa de <strong>Tigres<\/strong>, la ca\u00edda de <strong>Chivas<\/strong> a manos de <strong>Xolos<\/strong> o el emocionante empate entre <strong>Cruz Azul<\/strong> y <strong>Monterrey<\/strong>.<\/p>\n<p>Sin embargo, en la Quiniela de Futbol Total el <em>Gasero<\/em> Antonio Rosique baj\u00f3 en su productividad de pron\u00f3sticos y para esta tercera fecha se tuvo que conformar con apenas dos aciertos, siendo la hermosa Jimena S\u00e1nchez como la redacci\u00f3n de <strong>Futbol Total<\/strong> quienes logramos acertar en tres resultados.<\/p>\n<p style=\"text-align: center;\"><a href=\"https:\/\/www.futboltotal.com.mx\/2017\/01\/11-ideal-la-jornada-3-del-clausura-2017\/\">VER M\u00c1S: EL 11 IDEAL DE LA JORNADA 3 DEL CLAUSURA 2017<\/a><\/p>\n<p>Esto no cambia mucho las cosas en la tabla general, con Rosique al frente, seguido por Agenda Fox Sports y Jimena en tercer puesto.<\/p>\n<p><a href=\"https:\/\/www.futboltotal.com.mx\/wp-content\/uploads\/2017\/01\/quiniela3R.jpg\"><img decoding=\"async\" loading=\"lazy\" class=\"wp-image-455306 size-full alignleft\" src=\"https:\/\/www.futboltotal.com.mx\/wp-content\/uploads\/2017\/01\/quiniela3R.jpg\" srcset=\"http:\/\/desarrollo.grupomedios.com\/futbol\/wp-content\/uploads\/2017\/01\/quiniela3R.jpg 858w, http:\/\/desarrollo.grupomedios.com\/futbol\/wp-content\/uploads\/2017\/01\/quiniela3R-248x300.jpg 248w, http:\/\/desarrollo.grupomedios.com\/futbol\/wp-content\/uploads\/2017\/01\/quiniela3R-768x927.jpg 768w, http:\/\/desarrollo.grupomedios.com\/futbol\/wp-content\/uploads\/2017\/01\/quiniela3R-848x1024.jpg 848w\" sizes=\"(max-width: 858px) 100vw, 858px\" \/><\/a><\/p>\n<p class=\"p1\">\n<p class=\"p1\">\n<p class=\"p1\">\n<p class=\"p1\">\n<p class=\"p1\">\n<p class=\"p1\">\n<p class=\"p1\">\n<p class=\"p1\">\n<p class=\"p1\">\n<p class=\"p1\">\n<p class=\"p1\">\n<p class=\"p1\">\n<p class=\"p1\">\n<p class=\"p1\">\n<p class=\"p1\">\n<p class=\"p1\">\n<p class=\"p1\">\n<p class=\"p1\">\n<p class=\"p1\">\n<p class=\"p1\">\n<p class=\"p1\">\n<p class=\"p1\">\n<p class=\"p1\">\n<p class=\"p1\">\n<p class=\"p1\">\n<p class=\"p1\">\n<p class=\"p1\">\n<p class=\"p1\"><span class=\"s1\"><b>S\u00edguenos en Twitter<\/b>:\u00a0<a href=\"https:\/\/twitter.com\/MXFutbolTotal\"><span class=\"s2\">@MXFutbolTotal<\/span><\/a><\/span><\/p>\n","protected":false},"excerpt":{"rendered":"<p>El Gasero sigue a la cabeza, seguido por Agenda Fox Sports y Jimena S\u00e1nchez.<\/p>\n","protected":false},"author":20,"featured_media":455306,"comment_status":"closed","ping_status":"closed","sticky":false,"template":"","format":"standard","meta":[],"categories":[5419,2198,3845],"tags":[8090,7049,7286,8089,7314,7522],"_links":{"self":[{"href":"http:\/\/desarrollo.grupomedios.com\/futbol\/wp-json\/wp\/v2\/posts\/455303"}],"collection":[{"href":"http:\/\/desarrollo.grupomedios.com\/futbol\/wp-json\/wp\/v2\/posts"}],"about":[{"href":"http:\/\/desarrollo.grupomedios.com\/futbol\/wp-json\/wp\/v2\/types\/post"}],"author":[{"embeddable":true,"href":"http:\/\/desarrollo.grupomedios.com\/futbol\/wp-json\/wp\/v2\/users\/20"}],"replies":[{"embeddable":true,"href":"http:\/\/desarrollo.grupomedios.com\/futbol\/wp-json\/wp\/v2\/comments?post=455303"}],"version-history":[{"count":0,"href":"http:\/\/desarrollo.grupomedios.com\/futbol\/wp-json\/wp\/v2\/posts\/455303\/revisions"}],"wp:featuredmedia":[{"embeddable":true,"href":"http:\/\/desarrollo.grupomedios.com\/futbol\/wp-json\/wp\/v2\/media\/455306"}],"wp:attachment":[{"href":"http:\/\/desarrollo.grupomedios.com\/futbol\/wp-json\/wp\/v2\/media?parent=455303"}],"wp:term":[{"taxonomy":"category","embeddable":true,"href":"http:\/\/desarrollo.grupomedios.com\/futbol\/wp-json\/wp\/v2\/categories?post=455303"},{"taxonomy":"post_tag","embeddable":true,"href":"http:\/\/desarrollo.grupomedios.com\/futbol\/wp-json\/wp\/v2\/tags?post=455303"}],"curies":[{"name":"wp","href":"https:\/\/api.w.org\/{rel}","templated":true}]}}