{"id":455322,"date":"2017-01-23T19:58:39","date_gmt":"2017-01-24T01:58:39","guid":{"rendered":"https:\/\/www.futboltotal.com.mx\/?p=455322"},"modified":"2017-01-23T19:58:39","modified_gmt":"2017-01-24T01:58:39","slug":"marchesin-manda-mensaje-al-americanismo","status":"publish","type":"post","link":"http:\/\/desarrollo.grupomedios.com\/futbol\/futbol-mexicano\/marchesin-manda-mensaje-al-americanismo\/2017\/01","title":{"rendered":"Marches\u00edn manda mensaje al americanismo"},"content":{"rendered":"<p>El arquero de las <em>\u00c1guilas<\/em> ha decidido mandar un mensaje de motivaci\u00f3n a sus compa\u00f1eros y a la afici\u00f3n del<strong> Am\u00e9rica<\/strong> para que levanten el vuelo tras el mal arranque del Clausura 2017.<\/p>\n<p>El portero es fuertemente criticado por sus actuaciones con su nuevo equipo, adem\u00e1s de recordarle que no ha podido hacerse pesar con la camiseta de los de Coapa. <strong>Am\u00e9rica<\/strong> ya acumula dos derrotas en la Liga MX y son \u00faltimo lugar.<\/p>\n<p style=\"text-align: center;\"><a href=\"https:\/\/www.futboltotal.com.mx\/2017\/01\/pelaez-ataja-las-criticas-contra-marchesin\/\" target=\"_blank\">LEER M\u00c1S: Pel\u00e1ez ataja las cr\u00edticas contra Marches\u00edn<\/a><\/p>\n<p>En el mensaje se pod\u00eda leer que el guardameta dec\u00eda que no ha sido un comienzo f\u00e1cil, pero que est\u00e1n listos para recuperarse.<\/p>\n<p>&nbsp;<\/p>\n<blockquote class=\"instagram-media\" style=\"background: #FFF; border: 0; border-radius: 3px; box-shadow: 0 0 1px 0 rgba(0,0,0,0.5),0 1px 10px 0 rgba(0,0,0,0.15); margin: 1px; max-width: 658px; padding: 0; width: calc(100% - 2px);\" data-instgrm-captioned=\"\" data-instgrm-version=\"7\">\n<div style=\"padding: 8px;\">\n<div style=\"background: #F8F8F8; line-height: 0; margin-top: 40px; padding: 50.0% 0; text-align: center; width: 100%;\"><\/div>\n<p style=\"margin: 8px 0 0 0; padding: 0 4px;\"><a style=\"color: #000; font-family: Arial,sans-serif; font-size: 14px; font-style: normal; font-weight: normal; line-height: 17px; text-decoration: none; word-wrap: break-word;\" href=\"https:\/\/www.instagram.com\/p\/BPlx_a_gRah\/\" target=\"_blank\">Se q no ha sido el comienzo q hubi\u00e9ramos querido, vamos a estar todos juntos por el objetivo final q es lo q realmente importa y queremos todos, estoy feliz de representar a este club q es impresionante y prometo dejar todo&#8230;#vamosamerica #reciencomienza a partirse la madre!!!<\/a><\/p>\n<p style=\"color: #c9c8cd; font-family: Arial,sans-serif; font-size: 14px; line-height: 17px; margin-bottom: 0; margin-top: 8px; overflow: hidden; padding: 8px 0 7px; text-align: center; text-overflow: ellipsis; white-space: nowrap;\">A photo posted by Agustin Marchesin (@agustinmarchesin1) on <time style=\"font-family: Arial,sans-serif; font-size: 14px; line-height: 17px;\" datetime=\"2017-01-23T02:35:53+00:00\">Jan 22, 2017 at 6:35pm PST<\/time><\/p>\n<\/div>\n<\/blockquote>\n<p><script async defer src=\"\/\/platform.instagram.com\/en_US\/embeds.js\"><\/script><\/p>\n<p>S\u00edguenos en Twitter: <a href=\"https:\/\/twitter.com\/MXFutbolTotal\" target=\"_blank\">@MXFutbolTotal<\/a><\/p>\n","protected":false},"excerpt":{"rendered":"<p>El portero de las \u00c1guilas espera levantar el vuelo. <\/p>\n","protected":false},"author":20,"featured_media":455323,"comment_status":"closed","ping_status":"closed","sticky":false,"template":"","format":"standard","meta":[],"categories":[5419,2198,3845],"tags":[6118,1774],"_links":{"self":[{"href":"http:\/\/desarrollo.grupomedios.com\/futbol\/wp-json\/wp\/v2\/posts\/455322"}],"collection":[{"href":"http:\/\/desarrollo.grupomedios.com\/futbol\/wp-json\/wp\/v2\/posts"}],"about":[{"href":"http:\/\/desarrollo.grupomedios.com\/futbol\/wp-json\/wp\/v2\/types\/post"}],"author":[{"embeddable":true,"href":"http:\/\/desarrollo.grupomedios.com\/futbol\/wp-json\/wp\/v2\/users\/20"}],"replies":[{"embeddable":true,"href":"http:\/\/desarrollo.grupomedios.com\/futbol\/wp-json\/wp\/v2\/comments?post=455322"}],"version-history":[{"count":0,"href":"http:\/\/desarrollo.grupomedios.com\/futbol\/wp-json\/wp\/v2\/posts\/455322\/revisions"}],"wp:featuredmedia":[{"embeddable":true,"href":"http:\/\/desarrollo.grupomedios.com\/futbol\/wp-json\/wp\/v2\/media\/455323"}],"wp:attachment":[{"href":"http:\/\/desarrollo.grupomedios.com\/futbol\/wp-json\/wp\/v2\/media?parent=455322"}],"wp:term":[{"taxonomy":"category","embeddable":true,"href":"http:\/\/desarrollo.grupomedios.com\/futbol\/wp-json\/wp\/v2\/categories?post=455322"},{"taxonomy":"post_tag","embeddable":true,"href":"http:\/\/desarrollo.grupomedios.com\/futbol\/wp-json\/wp\/v2\/tags?post=455322"}],"curies":[{"name":"wp","href":"https:\/\/api.w.org\/{rel}","templated":true}]}}