{"id":455325,"date":"2017-01-23T20:43:11","date_gmt":"2017-01-24T02:43:11","guid":{"rendered":"https:\/\/www.futboltotal.com.mx\/?p=455325"},"modified":"2017-01-23T20:43:11","modified_gmt":"2017-01-24T02:43:11","slug":"moises-munoz-ahora-sera-locutor-radio","status":"publish","type":"post","link":"http:\/\/desarrollo.grupomedios.com\/futbol\/futbol-mexicano\/moises-munoz-ahora-sera-locutor-radio\/2017\/01","title":{"rendered":"Mois\u00e9s Mu\u00f1oz ahora ser\u00e1 locutor de radio"},"content":{"rendered":"<p>El guardameta de Jaguares tendr\u00e1 una faceta nueva y muy aparte del futbol, Moi tendr\u00e1 un nuevo programa de radio en Exa FM.<\/p>\n<p>Mu\u00f1oz estar\u00e1 en la emisi\u00f3n de radio junto a sus grandes amigos Jos\u00e9 Manuel Lechuga, Alan Baron y Arturo Palacios, el programa llevar\u00e1 por nombre &#8220;La Parada&#8221;, haciendo referencia a Mois\u00e9s.<\/p>\n<p>El pr\u00f3ximo 30 de enero ser\u00e1 el d\u00eda que Mois\u00e9s regrese a la radio, despu\u00e9s de haber estado en el programa &#8220;Ya Parate&#8221; dando las noticias deportivas. Recordemos que el portero de Jaguares tambi\u00e9n cuenta con un canal de Youtube en donde hace videos semanales.<\/p>\n<p>&nbsp;<\/p>\n<blockquote class=\"twitter-tweet\" data-lang=\"es\">\n<p dir=\"ltr\" lang=\"es\">S\u00f3lo faltan ocho d\u00edas banda para que sintonicen <a href=\"https:\/\/twitter.com\/laparadaradiomx\">@laparadaradiomx<\/a> estar\u00e9 con <a href=\"https:\/\/twitter.com\/Lechugol\">@Lechugol<\/a> <a href=\"https:\/\/twitter.com\/ArturPalace\">@ArturPalace<\/a> y <a href=\"https:\/\/twitter.com\/alan_baron\">@alan_baron<\/a> &#x1f4fb;&#x1f399;<br \/>\n\u00a130 de enero! <a href=\"https:\/\/t.co\/M47cANjtFB\">pic.twitter.com\/M47cANjtFB<\/a><\/p>\n<p>\u2014 Moises Mu\u00f1oz (@MoyMu23) <a href=\"https:\/\/twitter.com\/MoyMu23\/status\/823667005358309377\">23 de enero de 2017<\/a><\/p><\/blockquote>\n<p><script async src=\"\/\/platform.twitter.com\/widgets.js\" charset=\"utf-8\"><\/script><\/p>\n","protected":false},"excerpt":{"rendered":"<p>El guardameta ahora podr\u00e1 estar en radio. <\/p>\n","protected":false},"author":20,"featured_media":455326,"comment_status":"closed","ping_status":"closed","sticky":false,"template":"","format":"standard","meta":[],"categories":[5419,2198,3845],"tags":[5964,4303,635],"_links":{"self":[{"href":"http:\/\/desarrollo.grupomedios.com\/futbol\/wp-json\/wp\/v2\/posts\/455325"}],"collection":[{"href":"http:\/\/desarrollo.grupomedios.com\/futbol\/wp-json\/wp\/v2\/posts"}],"about":[{"href":"http:\/\/desarrollo.grupomedios.com\/futbol\/wp-json\/wp\/v2\/types\/post"}],"author":[{"embeddable":true,"href":"http:\/\/desarrollo.grupomedios.com\/futbol\/wp-json\/wp\/v2\/users\/20"}],"replies":[{"embeddable":true,"href":"http:\/\/desarrollo.grupomedios.com\/futbol\/wp-json\/wp\/v2\/comments?post=455325"}],"version-history":[{"count":0,"href":"http:\/\/desarrollo.grupomedios.com\/futbol\/wp-json\/wp\/v2\/posts\/455325\/revisions"}],"wp:featuredmedia":[{"embeddable":true,"href":"http:\/\/desarrollo.grupomedios.com\/futbol\/wp-json\/wp\/v2\/media\/455326"}],"wp:attachment":[{"href":"http:\/\/desarrollo.grupomedios.com\/futbol\/wp-json\/wp\/v2\/media?parent=455325"}],"wp:term":[{"taxonomy":"category","embeddable":true,"href":"http:\/\/desarrollo.grupomedios.com\/futbol\/wp-json\/wp\/v2\/categories?post=455325"},{"taxonomy":"post_tag","embeddable":true,"href":"http:\/\/desarrollo.grupomedios.com\/futbol\/wp-json\/wp\/v2\/tags?post=455325"}],"curies":[{"name":"wp","href":"https:\/\/api.w.org\/{rel}","templated":true}]}}