{"id":455336,"date":"2017-01-24T09:46:16","date_gmt":"2017-01-24T15:46:16","guid":{"rendered":"https:\/\/www.futboltotal.com.mx\/?p=455336"},"modified":"2017-01-24T09:46:16","modified_gmt":"2017-01-24T15:46:16","slug":"alan-pulido-parece-quejarse-chivas-dificil-puro-mexicano","status":"publish","type":"post","link":"http:\/\/desarrollo.grupomedios.com\/futbol\/destacado-home\/alan-pulido-parece-quejarse-chivas-dificil-puro-mexicano\/2017\/01","title":{"rendered":"Pulido parece &#8216;quejarse&#8217; de Chivas: &#8220;Dif\u00edcil con puro mexicano&#8221;"},"content":{"rendered":"<p>Luego de tres jornadas del <strong>Clausura 2017<\/strong>, las <strong>Chivas<\/strong> marchan en el noveno puesto de la tabla general producto de un triunfo, un empate y una derrota. Sin embargo, esos no son los n\u00fameros que esperaban algunos tanto al interior como al exterior del\u00a0<em>Reba\u00f1o<\/em>, lo que causa que se se\u00f1alen algunos &#8216;inconvenientes&#8217;.<\/p>\n<p>El delantero <strong>Alan Pulido<\/strong>, quien lleva un gol en lo que va del torneo, habl\u00f3 en entrevista con Univision y mostr\u00f3 sentir sobre la dificultad que representa jugar en el \u00fanico equipo que juega s\u00f3lo con mexicanos.<\/p>\n<blockquote>\n<p style=\"text-align: center;\">&#8220;Obviamente que cuesta m\u00e1s (destacar), todos sabemos la calidad de jugadores que tiene Chivas, los j\u00f3venes que van sobresaliendo\u00a0tienen un gran talento pero les falta experiencia;\u00a0tal vez en otros equipos no es as\u00ed\u00a0ya que llegan muchos jugadores formados&#8221;, dijo el ariete.<\/p>\n<\/blockquote>\n<p>Sin embargo, despu\u00e9s pareci\u00f3 querer retractarse, o al menos evitar toda pol\u00e9mica que pudiera generarse a ra\u00edz de su sentir en torno a la m\u00edstica que caracteriza al Guadalajara.<\/p>\n<blockquote>\n<p style=\"text-align: center;\">&#8220;No me quejo, conf\u00edo en la calidad de mis compa\u00f1eros&#8221;, asegur\u00f3.<\/p>\n<\/blockquote>\n<p>Por \u00faltimo, el ex jugador de clubes como Tigres y Olympiakos dio sus impresiones de la derrota que sufri\u00f3 Chivas ante Tijuana, en la que el gol no apareci\u00f3 en favor de los tapat\u00edos.<\/p>\n<blockquote>\n<p style=\"text-align: center;\">&#8220;Se hizo un gran partido, nos falt\u00f3 lo m\u00e1s importante que es meter goles pues con esos se ganan los juegos; yo creo que vamos a ir poco a poco buscando ese objetivo&#8221;, agreg\u00f3.<\/p>\n<\/blockquote>\n<p><a href=\"https:\/\/www.futboltotal.com.mx\/2017\/01\/marchesin-manda-mensaje-al-americanismo\/\">VER M\u00c1S: MARCHES\u00cdN MAND\u00d3 MENSAJE AL AMERICANISMO<\/a><\/p>\n","protected":false},"excerpt":{"rendered":"<p>El delantero del Reba\u00f1o vive en carne propia las complicaciones de jugar en un club 100% mexicano.<\/p>\n","protected":false},"author":20,"featured_media":451184,"comment_status":"closed","ping_status":"closed","sticky":false,"template":"","format":"standard","meta":[],"categories":[5,2198,3845],"tags":[1607,70,7732,5963,64,4951,387],"_links":{"self":[{"href":"http:\/\/desarrollo.grupomedios.com\/futbol\/wp-json\/wp\/v2\/posts\/455336"}],"collection":[{"href":"http:\/\/desarrollo.grupomedios.com\/futbol\/wp-json\/wp\/v2\/posts"}],"about":[{"href":"http:\/\/desarrollo.grupomedios.com\/futbol\/wp-json\/wp\/v2\/types\/post"}],"author":[{"embeddable":true,"href":"http:\/\/desarrollo.grupomedios.com\/futbol\/wp-json\/wp\/v2\/users\/20"}],"replies":[{"embeddable":true,"href":"http:\/\/desarrollo.grupomedios.com\/futbol\/wp-json\/wp\/v2\/comments?post=455336"}],"version-history":[{"count":0,"href":"http:\/\/desarrollo.grupomedios.com\/futbol\/wp-json\/wp\/v2\/posts\/455336\/revisions"}],"wp:featuredmedia":[{"embeddable":true,"href":"http:\/\/desarrollo.grupomedios.com\/futbol\/wp-json\/wp\/v2\/media\/451184"}],"wp:attachment":[{"href":"http:\/\/desarrollo.grupomedios.com\/futbol\/wp-json\/wp\/v2\/media?parent=455336"}],"wp:term":[{"taxonomy":"category","embeddable":true,"href":"http:\/\/desarrollo.grupomedios.com\/futbol\/wp-json\/wp\/v2\/categories?post=455336"},{"taxonomy":"post_tag","embeddable":true,"href":"http:\/\/desarrollo.grupomedios.com\/futbol\/wp-json\/wp\/v2\/tags?post=455336"}],"curies":[{"name":"wp","href":"https:\/\/api.w.org\/{rel}","templated":true}]}}