{"id":455392,"date":"2017-01-24T15:47:40","date_gmt":"2017-01-24T21:47:40","guid":{"rendered":"https:\/\/www.futboltotal.com.mx\/?p=455392"},"modified":"2017-01-24T15:47:40","modified_gmt":"2017-01-24T21:47:40","slug":"matosas-esta-vetado-la-liga-mx-greg-taylor","status":"publish","type":"post","link":"http:\/\/desarrollo.grupomedios.com\/futbol\/futbol-mexicano\/matosas-esta-vetado-la-liga-mx-greg-taylor\/2017\/01","title":{"rendered":"&#8220;Matosas no est\u00e1 vetado de la Liga MX&#8221;: Greg Taylor"},"content":{"rendered":"<p>El representante de jugadores de la Liga Mx, <strong>Greg Taylor<\/strong>, inform\u00f3 que el no tiene el derecho de vetar a nadie del futbol mexicano, haciendo referencia a <strong>Gustavo Matosas,<\/strong> estratega que tuvo su \u00faltima etapa en <strong>Atlas<\/strong> y no ha vuelto a dirigir en la Liga desde entonces.<\/p>\n<blockquote><p>&#8220;Son estas especulaciones del f\u00fatbol (Gustavo Matosas vetado). Imag\u00ednate si nosotros vamos a tener ese poder, esos dichos sin fundamento no tienen sentido&#8221; coment\u00f3 el agente.<\/p><\/blockquote>\n<p><strong>Greg,<\/strong> aclar\u00f3 no ser el due\u00f1o de un equipo o un jugador como para prohibirle que se desempe\u00f1e en nuestra liga.<\/p>\n<p style=\"text-align: center;\"><span style=\"color: #3366ff;\"><a style=\"color: #3366ff;\" href=\"https:\/\/www.futboltotal.com.mx\/2017\/01\/los-peores-inicios-del-america-en-torneos-cortos\/\" target=\"_blank\">LEER M\u00c1S: Los peores inicios del Am\u00e9rica en torneos cortos<\/a><\/span><\/p>\n<blockquote><p>&#8220;Yo no soy due\u00f1o de un equipo ni de un jugador, yo soy accionista y colaboro en las funciones que nuestra empresa tiene trazadas. Jam\u00e1s he tenido el poder de vetar y si lo tuviera no me interesar\u00eda vetar a nadie. Soy un hombre dedicado a mi familia y en paralelo a la responsabilidad con la empresa&#8221;, declar\u00f3 Taylor en una entrevista para ESPN.<\/p><\/blockquote>\n<p>El representante inform\u00f3 que ha trabajado con distintos equipos de la Liga MX excepto con <strong>Cruz Azul<\/strong>, adem\u00e1s de no querer comentar a que jugadores manejan en la empresa a la que pertenece.<\/p>\n<blockquote><p>&#8220;He trabajado con <strong>Am\u00e9rica, Santos, Tigres, Chivas, Monterrey, con Cruz Azul<\/strong>no. No estoy en posibilidad de decir que jugadores son los que llevamos dentro de la empresa por un tema de confidencialidad.&#8221; puntualiz\u00f3 durante la entrevista.<\/p><\/blockquote>\n<p>Para finalizar declar\u00f3 que la empresa no es la l\u00edder en el mercado mexicano e incluso han salido algunos temas de porcentajes sobre los futbolistas que manejan y todos ellos son equivocados.<\/p>\n<blockquote><p>\u201cSe habla que hicimos un porcentaje de los movimientos y que representamos a un porcentaje de los jugadores en M\u00e9xico, y son err\u00f3neos, no tenemos acaparado el mercado. En lo particular, tiene un a\u00f1o que yo no me siento con alguna directiva de un club. Somos una empresa que tiene ejecutivos y cada quien tiene distintas funciones, relaciones, cada quien tiene distintos contactos en el extranjero, en M\u00e9xico\u201d declar\u00f3 Taylor.<\/p><\/blockquote>\n<p>S\u00edguenos en Twitter: <a href=\"https:\/\/twitter.com\/MXFutbolTotal\" target=\"_blank\">@MXFutbolTotal<\/a><\/p>\n","protected":false},"excerpt":{"rendered":"<p>El representante de jugadores niega tener fuera de M\u00e9xico a Matosas. <\/p>\n","protected":false},"author":20,"featured_media":455398,"comment_status":"closed","ping_status":"closed","sticky":false,"template":"","format":"standard","meta":[],"categories":[2198,3845],"tags":[8094,93,64],"_links":{"self":[{"href":"http:\/\/desarrollo.grupomedios.com\/futbol\/wp-json\/wp\/v2\/posts\/455392"}],"collection":[{"href":"http:\/\/desarrollo.grupomedios.com\/futbol\/wp-json\/wp\/v2\/posts"}],"about":[{"href":"http:\/\/desarrollo.grupomedios.com\/futbol\/wp-json\/wp\/v2\/types\/post"}],"author":[{"embeddable":true,"href":"http:\/\/desarrollo.grupomedios.com\/futbol\/wp-json\/wp\/v2\/users\/20"}],"replies":[{"embeddable":true,"href":"http:\/\/desarrollo.grupomedios.com\/futbol\/wp-json\/wp\/v2\/comments?post=455392"}],"version-history":[{"count":0,"href":"http:\/\/desarrollo.grupomedios.com\/futbol\/wp-json\/wp\/v2\/posts\/455392\/revisions"}],"wp:featuredmedia":[{"embeddable":true,"href":"http:\/\/desarrollo.grupomedios.com\/futbol\/wp-json\/wp\/v2\/media\/455398"}],"wp:attachment":[{"href":"http:\/\/desarrollo.grupomedios.com\/futbol\/wp-json\/wp\/v2\/media?parent=455392"}],"wp:term":[{"taxonomy":"category","embeddable":true,"href":"http:\/\/desarrollo.grupomedios.com\/futbol\/wp-json\/wp\/v2\/categories?post=455392"},{"taxonomy":"post_tag","embeddable":true,"href":"http:\/\/desarrollo.grupomedios.com\/futbol\/wp-json\/wp\/v2\/tags?post=455392"}],"curies":[{"name":"wp","href":"https:\/\/api.w.org\/{rel}","templated":true}]}}