{"id":455402,"date":"2017-01-24T16:20:00","date_gmt":"2017-01-24T22:20:00","guid":{"rendered":"https:\/\/www.futboltotal.com.mx\/?p=455402"},"modified":"2017-01-24T16:20:00","modified_gmt":"2017-01-24T22:20:00","slug":"sin-carlos-salcedo-fiorentina-queda-la-copa-italia","status":"publish","type":"post","link":"http:\/\/desarrollo.grupomedios.com\/futbol\/futbol-internacional\/sin-carlos-salcedo-fiorentina-queda-la-copa-italia\/2017\/01","title":{"rendered":"Sin Carlos Salcedo, Fiorentina queda fuera de la Copa Italia"},"content":{"rendered":"<p>El mexicano acumul\u00f3 su cuarto juego al hilo sin tener actividad con el cuadro italiano. Es el peor momento para el defensor desde que lleg\u00f3 al Viejo Continente.<\/p>\n<p>Jos\u00e9 Callej\u00f3n le dio el triunfo al N\u00e1poles este martes ante el Fiorentina (1-0) y convirti\u00f3 al conjunto sure\u00f1o en el primer semifinalista de la Copa Italia, en la que se medir\u00e1 con el ganador del Juventus-Milan.<\/p>\n<p>Los dos porteros, el espa\u00f1ol Pepe Reina en el N\u00e1poles y el rumano Ciprian Tatarusanu en el Fiorentina, fueron los protagonistas de la primera mitad y mantuvieron el empate con unas grandes intervenciones.<\/p>\n<p style=\"text-align: center;\"><a href=\"https:\/\/www.futboltotal.com.mx\/2017\/01\/borgetti-advierte-mexico-se-quedara-sin-delanteros\/\" target=\"_blank\">LEER M\u00c1S: Borgetti advierte que M\u00e9xico se quedar\u00e1 sin delanteros<\/a><\/p>\n<p>Reina despej\u00f3 un derechazo cruzado de Federico Chiesa (m.18) y se luci\u00f3 con una parada tras un cabezazo de Davide Astori (m.21) mientras que el arquero de los toscanos intercept\u00f3 una falta de Lorenzo Insigne enviando el bal\u00f3n al larguero (m.29).<\/p>\n<p>En la reanudaci\u00f3n, el N\u00e1poles tom\u00f3 el mando del juego y, tras otra falta directa lanzada a la madera por Insigne, se adelant\u00f3 por medio de Callej\u00f3n (m.71).<\/p>\n<p>El exmadridista cabece\u00f3 un centro desde la banda izquierda del eslovaco Marek Hamsik y firm\u00f3 su d\u00e9cimo tanto de la temporada (8 en la Serie A y uno en la Liga de Campeones).<\/p>\n<p>En el intento de remontar, el t\u00e9cnico portugu\u00e9s del Fiorentina Paulo Sousa dio paso al espa\u00f1ol Borja Valero y el esloveno Josip Ilicic y su equipo encerr\u00f3 al N\u00e1poles en su mitad de campo. Sin embargo, la fase final del duelo fue muy tensa y los dos conjuntos se quedaron con diez por las expulsiones al alban\u00e9s Elseid Hysaj y el uruguayo Maximiliano Olivera.<\/p>\n<p>A pesar de sufrir en los \u00faltimos minutos, el N\u00e1poles logr\u00f3 defender su ventaja y sellar el pase a las semifinales, en las que se enfrentar\u00e1 al ganador del Juventus-Milan.<\/p>\n<p>El cuadro de cuartos de final se completar\u00e1 con el citado Juventus-Milan y con los duelos Inter-Lazio, Roma-Cesena.<\/p>\n<p>&nbsp;<\/p>\n","protected":false},"excerpt":{"rendered":"<p>El Tit\u00e1n sigue sin ver acci\u00f3n con la Viola. <\/p>\n","protected":false},"author":144,"featured_media":455409,"comment_status":"closed","ping_status":"closed","sticky":false,"template":"","format":"standard","meta":[],"categories":[3839,3848],"tags":[5531,1053,160],"_links":{"self":[{"href":"http:\/\/desarrollo.grupomedios.com\/futbol\/wp-json\/wp\/v2\/posts\/455402"}],"collection":[{"href":"http:\/\/desarrollo.grupomedios.com\/futbol\/wp-json\/wp\/v2\/posts"}],"about":[{"href":"http:\/\/desarrollo.grupomedios.com\/futbol\/wp-json\/wp\/v2\/types\/post"}],"author":[{"embeddable":true,"href":"http:\/\/desarrollo.grupomedios.com\/futbol\/wp-json\/wp\/v2\/users\/144"}],"replies":[{"embeddable":true,"href":"http:\/\/desarrollo.grupomedios.com\/futbol\/wp-json\/wp\/v2\/comments?post=455402"}],"version-history":[{"count":0,"href":"http:\/\/desarrollo.grupomedios.com\/futbol\/wp-json\/wp\/v2\/posts\/455402\/revisions"}],"wp:featuredmedia":[{"embeddable":true,"href":"http:\/\/desarrollo.grupomedios.com\/futbol\/wp-json\/wp\/v2\/media\/455409"}],"wp:attachment":[{"href":"http:\/\/desarrollo.grupomedios.com\/futbol\/wp-json\/wp\/v2\/media?parent=455402"}],"wp:term":[{"taxonomy":"category","embeddable":true,"href":"http:\/\/desarrollo.grupomedios.com\/futbol\/wp-json\/wp\/v2\/categories?post=455402"},{"taxonomy":"post_tag","embeddable":true,"href":"http:\/\/desarrollo.grupomedios.com\/futbol\/wp-json\/wp\/v2\/tags?post=455402"}],"curies":[{"name":"wp","href":"https:\/\/api.w.org\/{rel}","templated":true}]}}