{"id":455424,"date":"2017-01-24T17:49:52","date_gmt":"2017-01-24T23:49:52","guid":{"rendered":"https:\/\/www.futboltotal.com.mx\/?p=455424"},"modified":"2017-01-24T17:49:52","modified_gmt":"2017-01-24T23:49:52","slug":"ex-del-america-ataca-a-la-volpe-nefasto","status":"publish","type":"post","link":"http:\/\/desarrollo.grupomedios.com\/futbol\/destacado-home\/ex-del-america-ataca-a-la-volpe-nefasto\/2017\/01","title":{"rendered":"Ex del Am\u00e9rica ataca a La Volpe: &#8220;Es nefasto&#8221;"},"content":{"rendered":"<p>Uno de los jugadores que m\u00e1s destacaron en la d\u00e9cada de los 90&#8217;s con el Club Am\u00e9rica cr\u00edtico de forma fuerte la forma de dirigir de Ricardo Antonio La Volpe y asegura que no es un entrenador para el club, adem\u00e1s de desear que no queden campeones.<\/p>\n<blockquote><p>&#8220;Am\u00e9rica es la mejor instituci\u00f3n de M\u00e9xico, pero la persona que los dirige es nefasta&#8230; Deseo que Am\u00e9rica sea campe\u00f3n, pero con \u00e9l no&#8221;, declar\u00f3 el ex futbolista en una entrevista para el Universal.<\/p><\/blockquote>\n<p>El que fuera defensor de las \u00c1guilas y Mundialista por nuestro pa\u00eds en 1998, coment\u00f3 un poco de la an\u00e9cdota vivida cuando el Bigot\u00f3n dirigi\u00f3 al Am\u00e9rica en 1996.<\/p>\n<p style=\"text-align: center;\"><span style=\"color: #3366ff;\"><a style=\"color: #3366ff;\" href=\"https:\/\/www.futboltotal.com.mx\/2017\/01\/los-peores-inicios-del-america-en-torneos-cortos\/\" target=\"_blank\">LEER M\u00c1S: Los peores inicios del Am\u00e9rica en torneos cortos<\/a><\/span><\/p>\n<blockquote><p>&#8220;\u00c9l estuvo cinco fechas en el equipo hace algunos a\u00f1os y ya ven c\u00f3mo le fue&#8230; Recuerdo que quer\u00eda golpear a Cuau, a (Germ\u00e1n) Villa, a (Ra\u00fal Rodrigo) Lara y a m\u00ed. Quer\u00eda aprovecharse de los novatos, pero no pudo y as\u00ed le fue&#8221;, coment\u00f3 Terrazas.<\/p><\/blockquote>\n<p>Para finalizar la entrevista Isaac coment\u00f3 que La Volpe es un &#8220;cuidachambas&#8221; y en ocasiones habla por hablar, como cuando estuvo con Chivas.<\/p>\n<blockquote><p>&#8220;Es un gran entrenador, pero es un &#8216;cuidachambas&#8217;. Cuando estaba en Chivas dec\u00eda que era el equipo m\u00e1s grande y ahora lo dice del Am\u00e9rica. Habla y habla, versea mucho y no gana nada&#8221;, puntualiz\u00f3 el ex jugador.<\/p><\/blockquote>\n<p>S\u00edguenos en Twitter: <a href=\"https:\/\/twitter.com\/MXFutbolTotal\" target=\"_blank\">@MXFutbolTotal<\/a><\/p>\n","protected":false},"excerpt":{"rendered":"<p>Terrazas coment\u00f3 que La Volpe es un &#8220;cuidachambas&#8221;. <\/p>\n","protected":false},"author":20,"featured_media":455439,"comment_status":"closed","ping_status":"closed","sticky":false,"template":"","format":"standard","meta":[],"categories":[5,2198,3845],"tags":[5959,7440,7648],"_links":{"self":[{"href":"http:\/\/desarrollo.grupomedios.com\/futbol\/wp-json\/wp\/v2\/posts\/455424"}],"collection":[{"href":"http:\/\/desarrollo.grupomedios.com\/futbol\/wp-json\/wp\/v2\/posts"}],"about":[{"href":"http:\/\/desarrollo.grupomedios.com\/futbol\/wp-json\/wp\/v2\/types\/post"}],"author":[{"embeddable":true,"href":"http:\/\/desarrollo.grupomedios.com\/futbol\/wp-json\/wp\/v2\/users\/20"}],"replies":[{"embeddable":true,"href":"http:\/\/desarrollo.grupomedios.com\/futbol\/wp-json\/wp\/v2\/comments?post=455424"}],"version-history":[{"count":0,"href":"http:\/\/desarrollo.grupomedios.com\/futbol\/wp-json\/wp\/v2\/posts\/455424\/revisions"}],"wp:featuredmedia":[{"embeddable":true,"href":"http:\/\/desarrollo.grupomedios.com\/futbol\/wp-json\/wp\/v2\/media\/455439"}],"wp:attachment":[{"href":"http:\/\/desarrollo.grupomedios.com\/futbol\/wp-json\/wp\/v2\/media?parent=455424"}],"wp:term":[{"taxonomy":"category","embeddable":true,"href":"http:\/\/desarrollo.grupomedios.com\/futbol\/wp-json\/wp\/v2\/categories?post=455424"},{"taxonomy":"post_tag","embeddable":true,"href":"http:\/\/desarrollo.grupomedios.com\/futbol\/wp-json\/wp\/v2\/tags?post=455424"}],"curies":[{"name":"wp","href":"https:\/\/api.w.org\/{rel}","templated":true}]}}