{"id":455447,"date":"2017-01-24T18:39:53","date_gmt":"2017-01-25T00:39:53","guid":{"rendered":"https:\/\/www.futboltotal.com.mx\/?p=455447"},"modified":"2017-01-24T18:39:53","modified_gmt":"2017-01-25T00:39:53","slug":"ben-roethlisberger-analiza-retiro","status":"publish","type":"post","link":"http:\/\/desarrollo.grupomedios.com\/futbol\/no-todo-es-futbol\/ben-roethlisberger-analiza-retiro\/2017\/01","title":{"rendered":"Ben Roethlisberger analiza el retiro"},"content":{"rendered":"<p>El mariscal de campo estelar de los <em>Acereros<\/em> de Pittsburgh,<strong> Ben Roethlisberger<\/strong>, admiti\u00f3 que considerar\u00e1 todas las opciones de cara a su futuro profesional dentro de la <strong>Liga Nacional de F\u00fatbol Americano (NFL)<\/strong>, incluida la del retiro.<\/p>\n<p>Roethlisberger dijo que actualmente no tiene nada definido ni est\u00e1 seguro si en la temporada del 2017-18 va a volver a jugar en la <strong>NFL<\/strong>.<\/p>\n<p>El veterano mariscal de 34 a\u00f1os, declar\u00f3 hoy durante su participaci\u00f3n semanal en la emisora radial <em>93.7 The Fan<\/em> que se tomar\u00e1 algo de tiempo para pensar si quiere seguir jugando en la <strong>NFL<\/strong>.<\/p>\n<p>El ganador de dos t\u00edtulos del Super Bowl cumplir\u00e1 35 a\u00f1os en marzo, y se ha perdido fragmentos de las dos \u00faltimas temporadas por problemas de las rodillas.<\/p>\n<p>Aunque Roethlisberger tiene contrato hasta 2020 eso no ser\u00e1 impedimento a considerar la opci\u00f3n del retiro si durante el descanso de invernal siente que no est\u00e1 motivado para seguir en la competici\u00f3n.<\/p>\n<p style=\"text-align: center;\"><span style=\"color: #3366ff;\"><a style=\"color: #3366ff;\" href=\"https:\/\/www.futboltotal.com.mx\/2017\/01\/medallistas-olimpicos-mexicanos-protagonistas-en-premio-nacional-del-deporte\/\" target=\"_blank\"><strong>LEER M\u00c1S: Medallistas ol\u00edmpicos mexicanos protagonistas en entrega del PND<\/strong><\/a><\/span><\/p>\n<p>&#8220;Me tomar\u00e9 el tiempo que tengo de descanso fuera de la competici\u00f3n para evaluar cada aspecto de lo que implique seguir como profesional&#8221;, manifest\u00f3 Roethlisberger. &#8220;Debo considerar mi salud, la familia, y otro tipo de cosas de cara a enfrentar de la mejor manera la pr\u00f3ximo temporada, si al final la hay en mi carrera&#8221;.<\/p>\n<p>A la pregunta concreta si va a jugar la pr\u00f3xima temporada, el pasador estelar de los Steelers, que fueron eliminados por los Patriots de Nueva Inglaterra en el partido por el t\u00edtulo de la Conferencia Americana (AFC), Roethlisberger reiter\u00f3 que deb\u00eda &#8220;reflexionar&#8221; con todos los actores implicados y que afecten a su decisi\u00f3n.<\/p>\n<p>&#8220;Esta claro que necesito alg\u00fan tiempo para evaluar la situaci\u00f3n con mi familia, dedicar una gran cantidad de oraci\u00f3n y estar seguro que la decisi\u00f3n final que tome sea la mejor para mi y mi familia&#8221;, subray\u00f3 Roethlisberger.<\/p>\n<p>Por su parte, el entrenador en jefe de los Steelers, Mike Tomlin, admiti\u00f3 que para nada le sorprende las declaraciones de Roethlisberger porque ya hab\u00eda mencionado a los entrenadores la posibilidad de retirarse en varias ocasiones.<\/p>\n<p>El ala cerrada Heath Miller, un buen amigo de Roethlisberger, se retir\u00f3 en febrero a los 33 a\u00f1os. Tomlin destac\u00f3 que no est\u00e1 preocupado porque Roethlisberger contempla su futuro, aunque agreg\u00f3 que el mariscal de campo es &#8220;la pieza m\u00e1s importante de lo que hacemos&#8221;.<\/p>\n<p>&#8220;No vamos a descubrir la gran aportaci\u00f3n que hace <strong>Ben Roethlisberger<\/strong> a nuestro sistema de juego y lo que significa como l\u00edder dentro del campo, pero debemos confiar que al final tome la decisi\u00f3n con la que se sienta m\u00e1s a gusto y feliz&#8221;, valor\u00f3 Tomlin. &#8220;Como es l\u00f3gico nuestro gran deseo es que siga en activo y por muchos a\u00f1os con los Steelers&#8221;.<\/p>\n<p><strong>S\u00edguenos en Twitter<\/strong>: <a href=\"https:\/\/twitter.com\/MXFutbolTotal\" target=\"_blank\">@MXFutbolTotal<\/a><\/p>\n","protected":false},"excerpt":{"rendered":"<p>El mariscal de campo de los Acereros de Pittburgh deja en el aire su futuro profesional.<\/p>\n","protected":false},"author":144,"featured_media":455450,"comment_status":"closed","ping_status":"closed","sticky":false,"template":"","format":"standard","meta":[],"categories":[5811,5418,6411],"tags":[8096,4395,5461],"_links":{"self":[{"href":"http:\/\/desarrollo.grupomedios.com\/futbol\/wp-json\/wp\/v2\/posts\/455447"}],"collection":[{"href":"http:\/\/desarrollo.grupomedios.com\/futbol\/wp-json\/wp\/v2\/posts"}],"about":[{"href":"http:\/\/desarrollo.grupomedios.com\/futbol\/wp-json\/wp\/v2\/types\/post"}],"author":[{"embeddable":true,"href":"http:\/\/desarrollo.grupomedios.com\/futbol\/wp-json\/wp\/v2\/users\/144"}],"replies":[{"embeddable":true,"href":"http:\/\/desarrollo.grupomedios.com\/futbol\/wp-json\/wp\/v2\/comments?post=455447"}],"version-history":[{"count":0,"href":"http:\/\/desarrollo.grupomedios.com\/futbol\/wp-json\/wp\/v2\/posts\/455447\/revisions"}],"wp:featuredmedia":[{"embeddable":true,"href":"http:\/\/desarrollo.grupomedios.com\/futbol\/wp-json\/wp\/v2\/media\/455450"}],"wp:attachment":[{"href":"http:\/\/desarrollo.grupomedios.com\/futbol\/wp-json\/wp\/v2\/media?parent=455447"}],"wp:term":[{"taxonomy":"category","embeddable":true,"href":"http:\/\/desarrollo.grupomedios.com\/futbol\/wp-json\/wp\/v2\/categories?post=455447"},{"taxonomy":"post_tag","embeddable":true,"href":"http:\/\/desarrollo.grupomedios.com\/futbol\/wp-json\/wp\/v2\/tags?post=455447"}],"curies":[{"name":"wp","href":"https:\/\/api.w.org\/{rel}","templated":true}]}}